{"id":7185,"date":"2026-04-28T22:19:16","date_gmt":"2026-04-28T20:19:16","guid":{"rendered":"https:\/\/www.france-etalons.com\/?p=7185"},"modified":"2026-04-29T08:59:25","modified_gmt":"2026-04-29T06:59:25","slug":"paroles-deleveurs-lelevage-des-ibis-avec-michel-djindjian-ep-03","status":"publish","type":"post","link":"https:\/\/www.france-etalons.com\/fr\/paroles-deleveurs-lelevage-des-ibis-avec-michel-djindjian-ep-03\/","title":{"rendered":"Paroles d&rsquo;Eleveurs : L&rsquo;\u00e9levage des Ibis avec Michel DJINDJIAN [Ep 03]"},"content":{"rendered":"\n<p>Le tr\u00e8s attendu troisi\u00e8me \u00e9pisode de notre podcast est en ligne ! <\/p>\n\n\n\n<p>L\u2019objectif de ce podcast est de partir \u00e0 la rencontre des \u00e9leveurs et de leur donner la parole sur leurs histoires, leurs succ\u00e8s (et leurs \u00e9checs), ainsi que sur les valeurs qui les d\u00e9finissent. \u00c0 travers ces discussions, nous vous proposons de d\u00e9couvrir qui&nbsp;sont&nbsp;les Hommes et les Femmes de chevaux \u00e0 l\u2019origine de certains des plus grands performers internationaux.&nbsp;<\/p>\n\n\n\n<p>Depuis les ann\u00e9es&nbsp;80, l&rsquo;\u00e9levage des Ibis s\u2019est impos\u00e9 comme une r\u00e9f\u00e9rence, port\u00e9 par un duo d\u2019\u00e9leveurs au parcours singulier.<\/p>\n\n\n\n<p>Neurochirurgien et professeur des universit\u00e9s, Michel Djindjian nous partage ici son exp\u00e9rience de l\u2019\u00e9levage de chevaux de sport, \u00e0 la crois\u00e9e de l\u2019exp\u00e9rience de terrain et de la r\u00e9flexion scientifique.<\/p>\n\n\n\n<p>Son regard sur la m\u00e9decine v\u00e9t\u00e9rinaire, les \u00e9volutions du sport et des conversations passionnantes sur la g\u00e9n\u00e9tique vous attendent!\u00a0<\/p>\n\n\n\n<h2 class=\"wp-block-heading\">Retrouvez les liens ici: <\/h2>\n\n\n\n<ul class=\"wp-block-list\">\n<li><a href=\"https:\/\/open.spotify.com\/show\/3VE7D4jo7XSbCok2S3q5wp\" target=\"_blank\" rel=\"noreferrer noopener\">Spotify<\/a><\/li>\n\n\n\n<li><a href=\"https:\/\/www.deezer.com\/show\/1002777261\" target=\"_blank\" rel=\"noreferrer noopener\">Deezer<\/a><\/li>\n\n\n\n<li><a href=\"https:\/\/podcasts.apple.com\/fr\/podcast\/paroles-d%C3%A9leveurs\/id1885777946\" target=\"_blank\" rel=\"noreferrer noopener\">Apple Podcast<\/a><\/li>\n\n\n\n<li><a href=\"https:\/\/youtube.com\/playlist?list=PLUH39sPgZ7UhOXALwWq3cFH8QQRJCG-o_&amp;si=TR9tSoTJqq2tXTcY\" target=\"_blank\" rel=\"noreferrer noopener\">YouTube<\/a><\/li>\n<\/ul>\n\n\n\n<iframe name=\"Ausha Podcast Player\" frameborder=\"0\" loading=\"lazy\" id=\"ausha-fjSB\" height=\"220\" style=\"border: none; width:100%; height:220px\" src=\"https:\/\/player.ausha.co\/?showId=G0qQ6t8pQ9Vq&#038;color=%23A390E4&#038;multishow=false&#038;playlist=false&#038;dark=false&#038;t=0&#038;podcastId=RzWZ0c7gWmgY&#038;v=3&#038;playerId=ausha-fjSB\"><\/iframe><script src=\"https:\/\/player.ausha.co\/ausha-player.js\"><\/script>\n\n\n\n<figure class=\"wp-block-embed is-type-video is-provider-youtube wp-block-embed-youtube wp-embed-aspect-16-9 wp-has-aspect-ratio\"><div class=\"wp-block-embed__wrapper\">\n<iframe loading=\"lazy\" title=\"Paroles d&#039;Eleveurs : Michel DJINDJIAN, l&#039;Elevage des Ibis [Ep 03]\" width=\"500\" height=\"281\" src=\"https:\/\/www.youtube.com\/embed\/Yb9RgLXmg5U?feature=oembed\" frameborder=\"0\" allow=\"accelerometer; autoplay; clipboard-write; encrypted-media; gyroscope; picture-in-picture; web-share\" referrerpolicy=\"strict-origin-when-cross-origin\" allowfullscreen><\/iframe>\n<\/div><\/figure>\n","protected":false},"excerpt":{"rendered":"<p>Le tr\u00e8s attendu troisi\u00e8me \u00e9pisode de notre podcast est en ligne ! L\u2019objectif de ce podcast est de partir \u00e0 la rencontre des \u00e9leveurs et de leur donner la parole sur leurs histoires, leurs succ\u00e8s (et leurs \u00e9checs), ainsi que sur les valeurs qui les d\u00e9finissent. \u00c0 travers ces discussions, nous vous proposons de d\u00e9couvrir [&hellip;]<\/p>\n","protected":false},"author":4,"featured_media":7191,"comment_status":"closed","ping_status":"closed","sticky":false,"template":"","format":"standard","meta":{"_acf_changed":false,"inline_featured_image":false,"footnotes":""},"categories":[11,6,7,1,171],"tags":[],"class_list":["post-7185","post","type-post","status-publish","format-standard","has-post-thumbnail","hentry","category-actualite","category-actualites-performances","category-blog","category-non-classifiee","category-portraits"],"acf":[],"yoast_head":"<!-- This site is optimized with the Yoast SEO plugin v27.3 - https:\/\/yoast.com\/product\/yoast-seo-wordpress\/ -->\n<title>Paroles d&#039;Eleveurs : L&#039;\u00e9levage des Ibis avec Michel DJINDJIAN [Ep 03] - France \u00c9talons<\/title>\n<meta name=\"robots\" content=\"index, follow, max-snippet:-1, max-image-preview:large, max-video-preview:-1\" \/>\n<link rel=\"canonical\" href=\"https:\/\/www.france-etalons.com\/fr\/paroles-deleveurs-lelevage-des-ibis-avec-michel-djindjian-ep-03\/\" \/>\n<meta property=\"og:locale\" content=\"fr_FR\" \/>\n<meta property=\"og:type\" content=\"article\" \/>\n<meta property=\"og:title\" content=\"Paroles d&#039;Eleveurs : L&#039;\u00e9levage des Ibis avec Michel DJINDJIAN [Ep 03] - France \u00c9talons\" \/>\n<meta property=\"og:description\" content=\"Le tr\u00e8s attendu troisi\u00e8me \u00e9pisode de notre podcast est en ligne ! L\u2019objectif de ce podcast est de partir \u00e0 la rencontre des \u00e9leveurs et de leur donner la parole sur leurs histoires, leurs succ\u00e8s (et leurs \u00e9checs), ainsi que sur les valeurs qui les d\u00e9finissent. \u00c0 travers ces discussions, nous vous proposons de d\u00e9couvrir [&hellip;]\" \/>\n<meta property=\"og:url\" content=\"https:\/\/www.france-etalons.com\/fr\/paroles-deleveurs-lelevage-des-ibis-avec-michel-djindjian-ep-03\/\" \/>\n<meta property=\"og:site_name\" content=\"France \u00c9talons\" \/>\n<meta property=\"article:published_time\" content=\"2026-04-28T20:19:16+00:00\" \/>\n<meta property=\"article:modified_time\" content=\"2026-04-29T06:59:25+00:00\" \/>\n<meta property=\"og:image\" content=\"https:\/\/www.france-etalons.com\/wp-content\/uploads\/2026\/04\/FE_2026_PODCAST_03_PLATEFORME.jpg\" \/>\n\t<meta property=\"og:image:width\" content=\"1000\" \/>\n\t<meta property=\"og:image:height\" content=\"1000\" \/>\n\t<meta property=\"og:image:type\" content=\"image\/jpeg\" \/>\n<meta name=\"author\" content=\"Communication\" \/>\n<meta name=\"twitter:card\" content=\"summary_large_image\" \/>\n<script type=\"application\/ld+json\" class=\"yoast-schema-graph\">{\"@context\":\"https:\\\/\\\/schema.org\",\"@graph\":[{\"@type\":\"Article\",\"@id\":\"https:\\\/\\\/www.france-etalons.com\\\/fr\\\/paroles-deleveurs-lelevage-des-ibis-avec-michel-djindjian-ep-03\\\/#article\",\"isPartOf\":{\"@id\":\"https:\\\/\\\/www.france-etalons.com\\\/fr\\\/paroles-deleveurs-lelevage-des-ibis-avec-michel-djindjian-ep-03\\\/\"},\"author\":{\"name\":\"Communication\",\"@id\":\"https:\\\/\\\/www.france-etalons.com\\\/fr\\\/#\\\/schema\\\/person\\\/5df4f324aba2d037526a1b167d3517bf\"},\"headline\":\"Paroles d&rsquo;Eleveurs : L&rsquo;\u00e9levage des Ibis avec Michel DJINDJIAN [Ep 03]\",\"datePublished\":\"2026-04-28T20:19:16+00:00\",\"dateModified\":\"2026-04-29T06:59:25+00:00\",\"mainEntityOfPage\":{\"@id\":\"https:\\\/\\\/www.france-etalons.com\\\/fr\\\/paroles-deleveurs-lelevage-des-ibis-avec-michel-djindjian-ep-03\\\/\"},\"wordCount\":194,\"publisher\":{\"@id\":\"https:\\\/\\\/www.france-etalons.com\\\/fr\\\/#organization\"},\"image\":{\"@id\":\"https:\\\/\\\/www.france-etalons.com\\\/fr\\\/paroles-deleveurs-lelevage-des-ibis-avec-michel-djindjian-ep-03\\\/#primaryimage\"},\"thumbnailUrl\":\"https:\\\/\\\/www.france-etalons.com\\\/wp-content\\\/uploads\\\/2026\\\/04\\\/FE_2026_PODCAST_03_PLATEFORME.jpg\",\"articleSection\":[\"Actualit\u00e9\",\"Actualit\u00e9s &amp; performances\",\"Blog\",\"Non classifi\u00e9(e)\",\"Portraits\"],\"inLanguage\":\"fr-FR\"},{\"@type\":\"WebPage\",\"@id\":\"https:\\\/\\\/www.france-etalons.com\\\/fr\\\/paroles-deleveurs-lelevage-des-ibis-avec-michel-djindjian-ep-03\\\/\",\"url\":\"https:\\\/\\\/www.france-etalons.com\\\/fr\\\/paroles-deleveurs-lelevage-des-ibis-avec-michel-djindjian-ep-03\\\/\",\"name\":\"Paroles d'Eleveurs : L'\u00e9levage des Ibis avec Michel DJINDJIAN [Ep 03] - France \u00c9talons\",\"isPartOf\":{\"@id\":\"https:\\\/\\\/www.france-etalons.com\\\/fr\\\/#website\"},\"primaryImageOfPage\":{\"@id\":\"https:\\\/\\\/www.france-etalons.com\\\/fr\\\/paroles-deleveurs-lelevage-des-ibis-avec-michel-djindjian-ep-03\\\/#primaryimage\"},\"image\":{\"@id\":\"https:\\\/\\\/www.france-etalons.com\\\/fr\\\/paroles-deleveurs-lelevage-des-ibis-avec-michel-djindjian-ep-03\\\/#primaryimage\"},\"thumbnailUrl\":\"https:\\\/\\\/www.france-etalons.com\\\/wp-content\\\/uploads\\\/2026\\\/04\\\/FE_2026_PODCAST_03_PLATEFORME.jpg\",\"datePublished\":\"2026-04-28T20:19:16+00:00\",\"dateModified\":\"2026-04-29T06:59:25+00:00\",\"breadcrumb\":{\"@id\":\"https:\\\/\\\/www.france-etalons.com\\\/fr\\\/paroles-deleveurs-lelevage-des-ibis-avec-michel-djindjian-ep-03\\\/#breadcrumb\"},\"inLanguage\":\"fr-FR\",\"potentialAction\":[{\"@type\":\"ReadAction\",\"target\":[\"https:\\\/\\\/www.france-etalons.com\\\/fr\\\/paroles-deleveurs-lelevage-des-ibis-avec-michel-djindjian-ep-03\\\/\"]}]},{\"@type\":\"ImageObject\",\"inLanguage\":\"fr-FR\",\"@id\":\"https:\\\/\\\/www.france-etalons.com\\\/fr\\\/paroles-deleveurs-lelevage-des-ibis-avec-michel-djindjian-ep-03\\\/#primaryimage\",\"url\":\"https:\\\/\\\/www.france-etalons.com\\\/wp-content\\\/uploads\\\/2026\\\/04\\\/FE_2026_PODCAST_03_PLATEFORME.jpg\",\"contentUrl\":\"https:\\\/\\\/www.france-etalons.com\\\/wp-content\\\/uploads\\\/2026\\\/04\\\/FE_2026_PODCAST_03_PLATEFORME.jpg\",\"width\":1000,\"height\":1000},{\"@type\":\"BreadcrumbList\",\"@id\":\"https:\\\/\\\/www.france-etalons.com\\\/fr\\\/paroles-deleveurs-lelevage-des-ibis-avec-michel-djindjian-ep-03\\\/#breadcrumb\",\"itemListElement\":[{\"@type\":\"ListItem\",\"position\":1,\"name\":\"Accueil\",\"item\":\"https:\\\/\\\/www.france-etalons.com\\\/fr\\\/\"},{\"@type\":\"ListItem\",\"position\":2,\"name\":\"Paroles d&rsquo;Eleveurs : L&rsquo;\u00e9levage des Ibis avec Michel DJINDJIAN [Ep 03]\"}]},{\"@type\":\"WebSite\",\"@id\":\"https:\\\/\\\/www.france-etalons.com\\\/fr\\\/#website\",\"url\":\"https:\\\/\\\/www.france-etalons.com\\\/fr\\\/\",\"name\":\"France \u00c9talons\",\"description\":\"\",\"publisher\":{\"@id\":\"https:\\\/\\\/www.france-etalons.com\\\/fr\\\/#organization\"},\"potentialAction\":[{\"@type\":\"SearchAction\",\"target\":{\"@type\":\"EntryPoint\",\"urlTemplate\":\"https:\\\/\\\/www.france-etalons.com\\\/fr\\\/?s={search_term_string}\"},\"query-input\":{\"@type\":\"PropertyValueSpecification\",\"valueRequired\":true,\"valueName\":\"search_term_string\"}}],\"inLanguage\":\"fr-FR\"},{\"@type\":\"Organization\",\"@id\":\"https:\\\/\\\/www.france-etalons.com\\\/fr\\\/#organization\",\"name\":\"France \u00c9talons\",\"url\":\"https:\\\/\\\/www.france-etalons.com\\\/fr\\\/\",\"logo\":{\"@type\":\"ImageObject\",\"inLanguage\":\"fr-FR\",\"@id\":\"https:\\\/\\\/www.france-etalons.com\\\/fr\\\/#\\\/schema\\\/logo\\\/image\\\/\",\"url\":\"https:\\\/\\\/www.france-etalons.com\\\/wp-content\\\/uploads\\\/2023\\\/12\\\/logo_france_etalon.svg\",\"contentUrl\":\"https:\\\/\\\/www.france-etalons.com\\\/wp-content\\\/uploads\\\/2023\\\/12\\\/logo_france_etalon.svg\",\"width\":94,\"height\":64,\"caption\":\"France \u00c9talons\"},\"image\":{\"@id\":\"https:\\\/\\\/www.france-etalons.com\\\/fr\\\/#\\\/schema\\\/logo\\\/image\\\/\"}},{\"@type\":\"Person\",\"@id\":\"https:\\\/\\\/www.france-etalons.com\\\/fr\\\/#\\\/schema\\\/person\\\/5df4f324aba2d037526a1b167d3517bf\",\"name\":\"Communication\",\"image\":{\"@type\":\"ImageObject\",\"inLanguage\":\"fr-FR\",\"@id\":\"https:\\\/\\\/secure.gravatar.com\\\/avatar\\\/e437af93e394f6e22708a79dbb60db3be93324f61f0c422730f5310bb10d742a?s=96&d=mm&r=g\",\"url\":\"https:\\\/\\\/secure.gravatar.com\\\/avatar\\\/e437af93e394f6e22708a79dbb60db3be93324f61f0c422730f5310bb10d742a?s=96&d=mm&r=g\",\"contentUrl\":\"https:\\\/\\\/secure.gravatar.com\\\/avatar\\\/e437af93e394f6e22708a79dbb60db3be93324f61f0c422730f5310bb10d742a?s=96&d=mm&r=g\",\"caption\":\"Communication\"},\"url\":\"https:\\\/\\\/www.france-etalons.com\\\/fr\\\/author\\\/communication\\\/\"}]}<\/script>\n<!-- \/ Yoast SEO plugin. -->","yoast_head_json":{"title":"Paroles d'Eleveurs : L'\u00e9levage des Ibis avec Michel DJINDJIAN [Ep 03] - France \u00c9talons","robots":{"index":"index","follow":"follow","max-snippet":"max-snippet:-1","max-image-preview":"max-image-preview:large","max-video-preview":"max-video-preview:-1"},"canonical":"https:\/\/www.france-etalons.com\/fr\/paroles-deleveurs-lelevage-des-ibis-avec-michel-djindjian-ep-03\/","og_locale":"fr_FR","og_type":"article","og_title":"Paroles d'Eleveurs : L'\u00e9levage des Ibis avec Michel DJINDJIAN [Ep 03] - France \u00c9talons","og_description":"Le tr\u00e8s attendu troisi\u00e8me \u00e9pisode de notre podcast est en ligne ! L\u2019objectif de ce podcast est de partir \u00e0 la rencontre des \u00e9leveurs et de leur donner la parole sur leurs histoires, leurs succ\u00e8s (et leurs \u00e9checs), ainsi que sur les valeurs qui les d\u00e9finissent. \u00c0 travers ces discussions, nous vous proposons de d\u00e9couvrir [&hellip;]","og_url":"https:\/\/www.france-etalons.com\/fr\/paroles-deleveurs-lelevage-des-ibis-avec-michel-djindjian-ep-03\/","og_site_name":"France \u00c9talons","article_published_time":"2026-04-28T20:19:16+00:00","article_modified_time":"2026-04-29T06:59:25+00:00","og_image":[{"width":1000,"height":1000,"url":"https:\/\/www.france-etalons.com\/wp-content\/uploads\/2026\/04\/FE_2026_PODCAST_03_PLATEFORME.jpg","type":"image\/jpeg"}],"author":"Communication","twitter_card":"summary_large_image","schema":{"@context":"https:\/\/schema.org","@graph":[{"@type":"Article","@id":"https:\/\/www.france-etalons.com\/fr\/paroles-deleveurs-lelevage-des-ibis-avec-michel-djindjian-ep-03\/#article","isPartOf":{"@id":"https:\/\/www.france-etalons.com\/fr\/paroles-deleveurs-lelevage-des-ibis-avec-michel-djindjian-ep-03\/"},"author":{"name":"Communication","@id":"https:\/\/www.france-etalons.com\/fr\/#\/schema\/person\/5df4f324aba2d037526a1b167d3517bf"},"headline":"Paroles d&rsquo;Eleveurs : L&rsquo;\u00e9levage des Ibis avec Michel DJINDJIAN [Ep 03]","datePublished":"2026-04-28T20:19:16+00:00","dateModified":"2026-04-29T06:59:25+00:00","mainEntityOfPage":{"@id":"https:\/\/www.france-etalons.com\/fr\/paroles-deleveurs-lelevage-des-ibis-avec-michel-djindjian-ep-03\/"},"wordCount":194,"publisher":{"@id":"https:\/\/www.france-etalons.com\/fr\/#organization"},"image":{"@id":"https:\/\/www.france-etalons.com\/fr\/paroles-deleveurs-lelevage-des-ibis-avec-michel-djindjian-ep-03\/#primaryimage"},"thumbnailUrl":"https:\/\/www.france-etalons.com\/wp-content\/uploads\/2026\/04\/FE_2026_PODCAST_03_PLATEFORME.jpg","articleSection":["Actualit\u00e9","Actualit\u00e9s &amp; performances","Blog","Non classifi\u00e9(e)","Portraits"],"inLanguage":"fr-FR"},{"@type":"WebPage","@id":"https:\/\/www.france-etalons.com\/fr\/paroles-deleveurs-lelevage-des-ibis-avec-michel-djindjian-ep-03\/","url":"https:\/\/www.france-etalons.com\/fr\/paroles-deleveurs-lelevage-des-ibis-avec-michel-djindjian-ep-03\/","name":"Paroles d'Eleveurs : L'\u00e9levage des Ibis avec Michel DJINDJIAN [Ep 03] - France \u00c9talons","isPartOf":{"@id":"https:\/\/www.france-etalons.com\/fr\/#website"},"primaryImageOfPage":{"@id":"https:\/\/www.france-etalons.com\/fr\/paroles-deleveurs-lelevage-des-ibis-avec-michel-djindjian-ep-03\/#primaryimage"},"image":{"@id":"https:\/\/www.france-etalons.com\/fr\/paroles-deleveurs-lelevage-des-ibis-avec-michel-djindjian-ep-03\/#primaryimage"},"thumbnailUrl":"https:\/\/www.france-etalons.com\/wp-content\/uploads\/2026\/04\/FE_2026_PODCAST_03_PLATEFORME.jpg","datePublished":"2026-04-28T20:19:16+00:00","dateModified":"2026-04-29T06:59:25+00:00","breadcrumb":{"@id":"https:\/\/www.france-etalons.com\/fr\/paroles-deleveurs-lelevage-des-ibis-avec-michel-djindjian-ep-03\/#breadcrumb"},"inLanguage":"fr-FR","potentialAction":[{"@type":"ReadAction","target":["https:\/\/www.france-etalons.com\/fr\/paroles-deleveurs-lelevage-des-ibis-avec-michel-djindjian-ep-03\/"]}]},{"@type":"ImageObject","inLanguage":"fr-FR","@id":"https:\/\/www.france-etalons.com\/fr\/paroles-deleveurs-lelevage-des-ibis-avec-michel-djindjian-ep-03\/#primaryimage","url":"https:\/\/www.france-etalons.com\/wp-content\/uploads\/2026\/04\/FE_2026_PODCAST_03_PLATEFORME.jpg","contentUrl":"https:\/\/www.france-etalons.com\/wp-content\/uploads\/2026\/04\/FE_2026_PODCAST_03_PLATEFORME.jpg","width":1000,"height":1000},{"@type":"BreadcrumbList","@id":"https:\/\/www.france-etalons.com\/fr\/paroles-deleveurs-lelevage-des-ibis-avec-michel-djindjian-ep-03\/#breadcrumb","itemListElement":[{"@type":"ListItem","position":1,"name":"Accueil","item":"https:\/\/www.france-etalons.com\/fr\/"},{"@type":"ListItem","position":2,"name":"Paroles d&rsquo;Eleveurs : L&rsquo;\u00e9levage des Ibis avec Michel DJINDJIAN [Ep 03]"}]},{"@type":"WebSite","@id":"https:\/\/www.france-etalons.com\/fr\/#website","url":"https:\/\/www.france-etalons.com\/fr\/","name":"France \u00c9talons","description":"","publisher":{"@id":"https:\/\/www.france-etalons.com\/fr\/#organization"},"potentialAction":[{"@type":"SearchAction","target":{"@type":"EntryPoint","urlTemplate":"https:\/\/www.france-etalons.com\/fr\/?s={search_term_string}"},"query-input":{"@type":"PropertyValueSpecification","valueRequired":true,"valueName":"search_term_string"}}],"inLanguage":"fr-FR"},{"@type":"Organization","@id":"https:\/\/www.france-etalons.com\/fr\/#organization","name":"France \u00c9talons","url":"https:\/\/www.france-etalons.com\/fr\/","logo":{"@type":"ImageObject","inLanguage":"fr-FR","@id":"https:\/\/www.france-etalons.com\/fr\/#\/schema\/logo\/image\/","url":"https:\/\/www.france-etalons.com\/wp-content\/uploads\/2023\/12\/logo_france_etalon.svg","contentUrl":"https:\/\/www.france-etalons.com\/wp-content\/uploads\/2023\/12\/logo_france_etalon.svg","width":94,"height":64,"caption":"France \u00c9talons"},"image":{"@id":"https:\/\/www.france-etalons.com\/fr\/#\/schema\/logo\/image\/"}},{"@type":"Person","@id":"https:\/\/www.france-etalons.com\/fr\/#\/schema\/person\/5df4f324aba2d037526a1b167d3517bf","name":"Communication","image":{"@type":"ImageObject","inLanguage":"fr-FR","@id":"https:\/\/secure.gravatar.com\/avatar\/e437af93e394f6e22708a79dbb60db3be93324f61f0c422730f5310bb10d742a?s=96&d=mm&r=g","url":"https:\/\/secure.gravatar.com\/avatar\/e437af93e394f6e22708a79dbb60db3be93324f61f0c422730f5310bb10d742a?s=96&d=mm&r=g","contentUrl":"https:\/\/secure.gravatar.com\/avatar\/e437af93e394f6e22708a79dbb60db3be93324f61f0c422730f5310bb10d742a?s=96&d=mm&r=g","caption":"Communication"},"url":"https:\/\/www.france-etalons.com\/fr\/author\/communication\/"}]}},"_links":{"self":[{"href":"https:\/\/www.france-etalons.com\/fr\/wp-json\/wp\/v2\/posts\/7185","targetHints":{"allow":["GET"]}}],"collection":[{"href":"https:\/\/www.france-etalons.com\/fr\/wp-json\/wp\/v2\/posts"}],"about":[{"href":"https:\/\/www.france-etalons.com\/fr\/wp-json\/wp\/v2\/types\/post"}],"author":[{"embeddable":true,"href":"https:\/\/www.france-etalons.com\/fr\/wp-json\/wp\/v2\/users\/4"}],"replies":[{"embeddable":true,"href":"https:\/\/www.france-etalons.com\/fr\/wp-json\/wp\/v2\/comments?post=7185"}],"version-history":[{"count":2,"href":"https:\/\/www.france-etalons.com\/fr\/wp-json\/wp\/v2\/posts\/7185\/revisions"}],"predecessor-version":[{"id":7194,"href":"https:\/\/www.france-etalons.com\/fr\/wp-json\/wp\/v2\/posts\/7185\/revisions\/7194"}],"wp:featuredmedia":[{"embeddable":true,"href":"https:\/\/www.france-etalons.com\/fr\/wp-json\/wp\/v2\/media\/7191"}],"wp:attachment":[{"href":"https:\/\/www.france-etalons.com\/fr\/wp-json\/wp\/v2\/media?parent=7185"}],"wp:term":[{"taxonomy":"category","embeddable":true,"href":"https:\/\/www.france-etalons.com\/fr\/wp-json\/wp\/v2\/categories?post=7185"},{"taxonomy":"post_tag","embeddable":true,"href":"https:\/\/www.france-etalons.com\/fr\/wp-json\/wp\/v2\/tags?post=7185"}],"curies":[{"name":"wp","href":"https:\/\/api.w.org\/{rel}","templated":true}]}}