{"id":5872,"date":"2025-09-02T15:56:20","date_gmt":"2025-09-02T13:56:20","guid":{"rendered":"https:\/\/www.france-etalons.com\/?p=5872"},"modified":"2026-03-24T08:57:03","modified_gmt":"2026-03-24T07:57:03","slug":"les-actus-du-25-au-31-aout","status":"publish","type":"post","link":"https:\/\/www.france-etalons.com\/fr\/les-actus-du-25-au-31-aout\/","title":{"rendered":"Les actus du 25 au 31 ao\u00fbt"},"content":{"rendered":"\n<p><strong><em>D\u00e9couvrez quelques-unes des performances marquantes des derniers jours.&nbsp;&nbsp;<\/em><\/strong>&nbsp;<\/p>\n\n\n\n<p><strong>NOS \u00c9TALONS<\/strong>&nbsp;<\/p>\n\n\n\n<p><mark style=\"background-color:rgba(0, 0, 0, 0)\" class=\"has-inline-color has-custom-white-color\">Le fantastique<strong> <\/strong><\/mark><a href=\"https:\/\/www.france-etalons.com\/fr\/etalons\/ERMITAGE%20KALONE-groomy-27551\/\" target=\"_blank\" rel=\"noreferrer noopener\"><strong><mark style=\"background-color:rgba(0, 0, 0, 0)\" class=\"has-inline-color has-custom-accent-1-color\">ERMITAGE KALONE<\/mark><\/strong><\/a> (Catoki x Kannan) a encore une fois impressionn\u00e9 en prenant la 2\u00e8me place dans la Coupe des Nations et la 9\u00e8me place du Grand Prix au CSI05* de Bruxelles.\u00a0\u00a0<\/p>\n\n\n\n<p><a href=\"https:\/\/www.france-etalons.com\/fr\/\/etalons\/GUERYMAX%20NOUVOLIEU-groomy-32830\" target=\"_blank\" rel=\"noreferrer noopener\"><strong><mark style=\"background-color:rgba(0, 0, 0, 0)\" class=\"has-inline-color has-custom-accent-1-color\">GUERYMAX NOUVOLIEU<\/mark><\/strong><\/a> (Vagabon de la Pomme x Berlin) est 10\u00e8me d\u2019une 1,40m et 5\u00e8me du Grand Prix 1,45m \u00e0 Tours Pernay.&nbsp;&nbsp;<\/p>\n\n\n\n<p><a href=\"https:\/\/www.france-etalons.com\/fr\/etalons\/NAXCEL%20V-groomy-33774\/\" target=\"_blank\" rel=\"noreferrer noopener\"><strong><mark style=\"background-color:rgba(0, 0, 0, 0)\" class=\"has-inline-color has-custom-accent-1-color\">NAXCEL V<\/mark><\/strong><\/a> (Balou du Rouet x Landetto) prend la 7\u00e8me place d\u2019une 1,50m au CSI4* de Gijon.&nbsp;<\/p>\n\n\n\n<figure class=\"wp-block-image aligncenter size-large\"><img loading=\"lazy\" decoding=\"async\" width=\"1024\" height=\"682\" src=\"https:\/\/www.france-etalons.com\/wp-content\/uploads\/2025\/09\/0V5A2913-1024x682.jpg\" alt=\"\" class=\"wp-image-5885\" srcset=\"https:\/\/www.france-etalons.com\/wp-content\/uploads\/2025\/09\/0V5A2913-1024x682.jpg 1024w, https:\/\/www.france-etalons.com\/wp-content\/uploads\/2025\/09\/0V5A2913-300x200.jpg 300w, https:\/\/www.france-etalons.com\/wp-content\/uploads\/2025\/09\/0V5A2913-768x512.jpg 768w, https:\/\/www.france-etalons.com\/wp-content\/uploads\/2025\/09\/0V5A2913-1536x1024.jpg 1536w, https:\/\/www.france-etalons.com\/wp-content\/uploads\/2025\/09\/0V5A2913.jpg 2000w\" sizes=\"auto, (max-width: 1024px) 100vw, 1024px\" \/><figcaption class=\"wp-element-caption\">ERMITAGE KALONE<\/figcaption><\/figure>\n\n\n\n<p><strong>LES PRODUITS DE NOS \u00c9TALONS<\/strong>&nbsp;<\/p>\n\n\n\n<p>Les descendants de nos<strong><em> \u00e9talons stars <\/em><\/strong>sont toujours aussi pr\u00e9sents sur les podiums.&nbsp;<\/p>\n\n\n\n<p>Vertigo du Desert <a href=\"https:\/\/www.france-etalons.com\/fr\/\/etalons\/MYLORD%20CARTHAGO-groomy-15442\" target=\"_blank\" rel=\"noreferrer noopener\"><strong><mark style=\"background-color:rgba(0, 0, 0, 0)\" class=\"has-inline-color has-custom-accent-1-color\">(MYLORD CARTHAGO)<\/mark><\/strong><\/a> prend une belle 7\u00e8me place dans le Grand Prix 1,60m du CSIO5* de Bruxelles. Fringuan de Vesquerie<strong> <\/strong><a href=\"https:\/\/www.france-etalons.com\/fr\/\/etalons\/MYLORD%20CARTHAGO-groomy-15442\" target=\"_blank\" rel=\"noreferrer noopener\"><strong><mark style=\"background-color:rgba(0, 0, 0, 0)\" class=\"has-inline-color has-custom-accent-1-color\">(MYLORD CARTHAGO)<\/mark><\/strong><\/a> est 4\u00e8me du Grand Prix 1,60m du CSI4* de Gijon. Dexter de Kerglenn <a href=\"https:\/\/www.france-etalons.com\/fr\/\/etalons\/MYLORD%20CARTHAGO-groomy-15442\" target=\"_blank\" rel=\"noreferrer noopener\"><strong><mark style=\"background-color:rgba(0, 0, 0, 0)\" class=\"has-inline-color has-custom-accent-1-color\">(MYLORD CARTHAGO)<\/mark><\/strong><\/a> remporte la Coupe des Nations 1,60m au CSIO5* de Bruxelles. Darius de Kerglenn <a href=\"https:\/\/www.france-etalons.com\/fr\/\/etalons\/MYLORD%20CARTHAGO-groomy-15442\" target=\"_blank\" rel=\"noreferrer noopener\"><strong><mark style=\"background-color:rgba(0, 0, 0, 0)\" class=\"has-inline-color has-custom-accent-1-color\">(MYLORD CARTHAGO)<\/mark><\/strong><\/a> est 3\u00e8me du GP 1,60m du CSI5* de Bridgehampton.&nbsp;&nbsp;<\/p>\n\n\n\n<p>Donatello d\u2019Auge <a href=\"https:\/\/www.france-etalons.com\/fr\/\/etalons\/JARNAC-groomy-18196\" target=\"_blank\" rel=\"noreferrer noopener\"><strong><mark style=\"background-color:rgba(0, 0, 0, 0)\" class=\"has-inline-color has-custom-accent-1-color\">(JARNAC)<\/mark><\/strong><\/a> est 3\u00e8me d\u2019une 1,55m \u00e0 barrage au CSI4* de Gijon.&nbsp;&nbsp;<\/p>\n\n\n\n<p>Elliot de Gineau <a href=\"https:\/\/www.france-etalons.com\/fr\/\/etalons\/KAPITOL%20D'ARGONNE-groomy-16894\" target=\"_blank\" rel=\"noreferrer noopener\"><strong><mark style=\"background-color:rgba(0, 0, 0, 0)\" class=\"has-inline-color has-custom-accent-1-color\">(KAPITOL D\u2019ARGONNE)<\/mark><\/strong><\/a> prend la 8\u00e8me place du Grand Prix 1,60m du CSI4* de Gijon.&nbsp;&nbsp;<\/p>\n\n\n\n<p>Flonflon<strong><mark style=\"background-color:rgba(0, 0, 0, 0)\" class=\"has-inline-color has-custom-accent-1-color\"> <\/mark><\/strong><a href=\"https:\/\/www.france-etalons.com\/fr\/\/etalons\/OGRION%20DES%20CHAMPS-groomy-15445\" target=\"_blank\" rel=\"noreferrer noopener\"><mark style=\"background-color:rgba(0, 0, 0, 0)\" class=\"has-inline-color has-custom-accent-1-color\"><strong>(OGRION DES CHA<\/strong><\/mark><strong><mark style=\"background-color:rgba(0, 0, 0, 0)\" class=\"has-inline-color has-custom-accent-1-color\">MPS<\/mark><\/strong>)<\/a> termine 4\u00e8me d\u2019une 1,55m \u00e0 barrage au CSI4* de Gijon.&nbsp;&nbsp;<\/p>\n\n\n\n<p>Parmi les descendants de nos valeurs montantes, Jolie Van Schuttershof <a href=\"https:\/\/www.france-etalons.com\/fr\/\/etalons\/DUCATI%20VAN%20SCHUTTERSHOF-groomy-36649\" target=\"_blank\" rel=\"noreferrer noopener\"><strong><mark style=\"background-color:rgba(0, 0, 0, 0)\" class=\"has-inline-color has-custom-accent-1-color\">(DUCATI VAN SCHUTTERSHOF)<\/mark><\/strong><\/a> est 7\u00e8me du GP 1,45m du CSI2* de Saugerties.&nbsp;<\/p>\n\n\n\n<figure class=\"wp-block-image aligncenter size-large\"><img loading=\"lazy\" decoding=\"async\" width=\"1024\" height=\"682\" src=\"https:\/\/www.france-etalons.com\/wp-content\/uploads\/2025\/09\/0V5A1652-1024x682.jpg\" alt=\"\" class=\"wp-image-5883\" srcset=\"https:\/\/www.france-etalons.com\/wp-content\/uploads\/2025\/09\/0V5A1652-1024x682.jpg 1024w, https:\/\/www.france-etalons.com\/wp-content\/uploads\/2025\/09\/0V5A1652-300x200.jpg 300w, https:\/\/www.france-etalons.com\/wp-content\/uploads\/2025\/09\/0V5A1652-768x512.jpg 768w, https:\/\/www.france-etalons.com\/wp-content\/uploads\/2025\/09\/0V5A1652-1536x1024.jpg 1536w, https:\/\/www.france-etalons.com\/wp-content\/uploads\/2025\/09\/0V5A1652.jpg 2000w\" sizes=\"auto, (max-width: 1024px) 100vw, 1024px\" \/><figcaption class=\"wp-element-caption\">Dexter de Kerglenn (MYLORD CARTHAGO)<\/figcaption><\/figure>\n\n\n\n<p><strong>DU C\u00d4T\u00c9 DE LA GRANDE SEMAINE DE FONTAINEBLEAU<\/strong>&nbsp;<\/p>\n\n\n\n<p>Kartouche d\u2019Peupliers <a href=\"https:\/\/www.france-etalons.com\/fr\/etalons\/CLARIMO-groomy-16937\/\" target=\"_blank\" rel=\"noreferrer noopener\"><strong><mark style=\"background-color:rgba(0, 0, 0, 0)\" class=\"has-inline-color has-custom-accent-1-color\">(CLARIMO)<\/mark><\/strong><\/a> termine 5\u00e8me du Cycle Libre 1\u00e8re ann\u00e9e 5 ans. &nbsp;<br>&nbsp;<br>Kengel de la Roque<mark style=\"background-color:rgba(0, 0, 0, 0)\" class=\"has-inline-color has-custom-accent-1-color\"> <\/mark><a href=\"https:\/\/www.france-etalons.com\/fr\/etalons\/TANGELO%25252525252525252520VAN%25252525252525252520DE%25252525252525252520ZUUTHOEVE-groomy-22002\/\" target=\"_blank\" rel=\"noreferrer noopener\"><strong><mark style=\"background-color:rgba(0, 0, 0, 0)\" class=\"has-inline-color has-custom-accent-1-color\">(TANGELO VAN DE ZUUTHEOVE)<\/mark><\/strong><\/a> prend la 2\u00e8me place et Orlando Bloom HM du Mesnil <a href=\"https:\/\/www.france-etalons.com\/fr\/\/etalons\/DUCATI%20VAN%20SCHUTTERSHOF-groomy-36649\" target=\"_blank\" rel=\"noreferrer noopener\"><strong><mark style=\"background-color:rgba(0, 0, 0, 0)\" class=\"has-inline-color has-custom-accent-1-color\">(DUCATI VAN SCHUTTE<\/mark><\/strong><mark style=\"background-color:rgba(0, 0, 0, 0)\" class=\"has-inline-color has-custom-accent-1-color\"><strong>RSHOF<\/strong>)<\/mark><\/a> termine 4\u00e8me du Cycle Libre 2\u00e8me ann\u00e9e 5 ans.&nbsp;&nbsp;<\/p>\n\n\n\n<p>Johannah de Ravel <a href=\"https:\/\/www.france-etalons.com\/fr\/\/etalons\/OGRION%20DES%20CHAMPS-groomy-15445\" target=\"_blank\" rel=\"noreferrer noopener\"><strong><mark style=\"background-color:rgba(0, 0, 0, 0)\" class=\"has-inline-color has-custom-accent-1-color\">(OGRION DES CHAMPS)<\/mark><\/strong><\/a> prend la 7\u00e8me place du Cycle Libre 2\u00e8me ann\u00e9e 6 ans.&nbsp;&nbsp;<\/p>\n\n\n\n<p>La Carola <a href=\"https:\/\/www.france-etalons.com\/fr\/\/etalons\/CASALL-groomy-16859\" target=\"_blank\" rel=\"noreferrer noopener\"><strong><mark style=\"background-color:rgba(0, 0, 0, 0)\" class=\"has-inline-color has-custom-accent-1-color\">(CASALL)<\/mark><\/strong><\/a> finie 4\u00e8me et Java de Vesquerie <a href=\"https:\/\/www.france-etalons.com\/fr\/\/etalons\/OGRION%20DES%20CHAMPS-groomy-15445\" target=\"_blank\" rel=\"noreferrer noopener\"><strong><mark style=\"background-color:rgba(0, 0, 0, 0)\" class=\"has-inline-color has-custom-accent-1-color\">(OGRION DES CHAMPS)<\/mark><\/strong><\/a><strong> <\/strong>5\u00e8me du Cycle Libre 3\u00e8me ann\u00e9e 6 ans.\u00a0\u00a0<\/p>\n\n\n\n<p><\/p>\n\n\n\n<p><\/p>\n","protected":false},"excerpt":{"rendered":"<p>D\u00e9couvrez quelques-unes des performances marquantes des derniers jours.&nbsp;&nbsp;&nbsp; NOS \u00c9TALONS&nbsp; Le fantastique ERMITAGE KALONE (Catoki x Kannan) a encore une fois impressionn\u00e9 en prenant la 2\u00e8me place dans la Coupe des Nations et la 9\u00e8me place du Grand Prix au CSI05* de Bruxelles.\u00a0\u00a0 GUERYMAX NOUVOLIEU (Vagabon de la Pomme x Berlin) est 10\u00e8me d\u2019une 1,40m [&hellip;]<\/p>\n","protected":false},"author":4,"featured_media":5881,"comment_status":"closed","ping_status":"open","sticky":false,"template":"","format":"standard","meta":{"_acf_changed":false,"inline_featured_image":false,"footnotes":""},"categories":[11],"tags":[51,141,89,161],"class_list":["post-5872","post","type-post","status-publish","format-standard","has-post-thumbnail","hentry","category-actualite","tag-51","tag-141","tag-89","tag-161"],"acf":[],"yoast_head":"<!-- This site is optimized with the Yoast SEO plugin v27.3 - https:\/\/yoast.com\/product\/yoast-seo-wordpress\/ -->\n<title>Les actus du 25 au 31 ao\u00fbt - France \u00c9talons<\/title>\n<meta name=\"robots\" content=\"index, follow, max-snippet:-1, max-image-preview:large, max-video-preview:-1\" \/>\n<link rel=\"canonical\" href=\"https:\/\/www.france-etalons.com\/fr\/les-actus-du-25-au-31-aout\/\" \/>\n<meta property=\"og:locale\" content=\"fr_FR\" \/>\n<meta property=\"og:type\" content=\"article\" \/>\n<meta property=\"og:title\" content=\"Les actus du 25 au 31 ao\u00fbt - France \u00c9talons\" \/>\n<meta property=\"og:description\" content=\"D\u00e9couvrez quelques-unes des performances marquantes des derniers jours.&nbsp;&nbsp;&nbsp; NOS \u00c9TALONS&nbsp; Le fantastique ERMITAGE KALONE (Catoki x Kannan) a encore une fois impressionn\u00e9 en prenant la 2\u00e8me place dans la Coupe des Nations et la 9\u00e8me place du Grand Prix au CSI05* de Bruxelles.\u00a0\u00a0 GUERYMAX NOUVOLIEU (Vagabon de la Pomme x Berlin) est 10\u00e8me d\u2019une 1,40m [&hellip;]\" \/>\n<meta property=\"og:url\" content=\"https:\/\/www.france-etalons.com\/fr\/les-actus-du-25-au-31-aout\/\" \/>\n<meta property=\"og:site_name\" content=\"France \u00c9talons\" \/>\n<meta property=\"article:published_time\" content=\"2025-09-02T13:56:20+00:00\" \/>\n<meta property=\"article:modified_time\" content=\"2026-03-24T07:57:03+00:00\" \/>\n<meta property=\"og:image\" content=\"https:\/\/www.france-etalons.com\/wp-content\/uploads\/2025\/09\/FE_RS_POST_NEWS_2025-ok-3108.jpg\" \/>\n\t<meta property=\"og:image:width\" content=\"1600\" \/>\n\t<meta property=\"og:image:height\" content=\"2000\" \/>\n\t<meta property=\"og:image:type\" content=\"image\/jpeg\" \/>\n<meta name=\"author\" content=\"Communication\" \/>\n<meta name=\"twitter:card\" content=\"summary_large_image\" \/>\n<script type=\"application\/ld+json\" class=\"yoast-schema-graph\">{\"@context\":\"https:\\\/\\\/schema.org\",\"@graph\":[{\"@type\":\"Article\",\"@id\":\"https:\\\/\\\/www.france-etalons.com\\\/fr\\\/les-actus-du-25-au-31-aout\\\/#article\",\"isPartOf\":{\"@id\":\"https:\\\/\\\/www.france-etalons.com\\\/fr\\\/les-actus-du-25-au-31-aout\\\/\"},\"author\":{\"name\":\"Communication\",\"@id\":\"https:\\\/\\\/www.france-etalons.com\\\/fr\\\/#\\\/schema\\\/person\\\/5df4f324aba2d037526a1b167d3517bf\"},\"headline\":\"Les actus du 25 au 31 ao\u00fbt\",\"datePublished\":\"2025-09-02T13:56:20+00:00\",\"dateModified\":\"2026-03-24T07:57:03+00:00\",\"mainEntityOfPage\":{\"@id\":\"https:\\\/\\\/www.france-etalons.com\\\/fr\\\/les-actus-du-25-au-31-aout\\\/\"},\"wordCount\":362,\"publisher\":{\"@id\":\"https:\\\/\\\/www.france-etalons.com\\\/fr\\\/#organization\"},\"image\":{\"@id\":\"https:\\\/\\\/www.france-etalons.com\\\/fr\\\/les-actus-du-25-au-31-aout\\\/#primaryimage\"},\"thumbnailUrl\":\"https:\\\/\\\/www.france-etalons.com\\\/wp-content\\\/uploads\\\/2025\\\/09\\\/FE_RS_POST_NEWS_2025-ok-3108.jpg\",\"keywords\":[\"ERMITAGE KALONE\",\"GUERYMAX NOUVOLIEU\",\"MYLORD CARTHAGO\",\"NAXCEL V\"],\"articleSection\":[\"Actualit\u00e9\"],\"inLanguage\":\"fr-FR\"},{\"@type\":\"WebPage\",\"@id\":\"https:\\\/\\\/www.france-etalons.com\\\/fr\\\/les-actus-du-25-au-31-aout\\\/\",\"url\":\"https:\\\/\\\/www.france-etalons.com\\\/fr\\\/les-actus-du-25-au-31-aout\\\/\",\"name\":\"Les actus du 25 au 31 ao\u00fbt - France \u00c9talons\",\"isPartOf\":{\"@id\":\"https:\\\/\\\/www.france-etalons.com\\\/fr\\\/#website\"},\"primaryImageOfPage\":{\"@id\":\"https:\\\/\\\/www.france-etalons.com\\\/fr\\\/les-actus-du-25-au-31-aout\\\/#primaryimage\"},\"image\":{\"@id\":\"https:\\\/\\\/www.france-etalons.com\\\/fr\\\/les-actus-du-25-au-31-aout\\\/#primaryimage\"},\"thumbnailUrl\":\"https:\\\/\\\/www.france-etalons.com\\\/wp-content\\\/uploads\\\/2025\\\/09\\\/FE_RS_POST_NEWS_2025-ok-3108.jpg\",\"datePublished\":\"2025-09-02T13:56:20+00:00\",\"dateModified\":\"2026-03-24T07:57:03+00:00\",\"breadcrumb\":{\"@id\":\"https:\\\/\\\/www.france-etalons.com\\\/fr\\\/les-actus-du-25-au-31-aout\\\/#breadcrumb\"},\"inLanguage\":\"fr-FR\",\"potentialAction\":[{\"@type\":\"ReadAction\",\"target\":[\"https:\\\/\\\/www.france-etalons.com\\\/fr\\\/les-actus-du-25-au-31-aout\\\/\"]}]},{\"@type\":\"ImageObject\",\"inLanguage\":\"fr-FR\",\"@id\":\"https:\\\/\\\/www.france-etalons.com\\\/fr\\\/les-actus-du-25-au-31-aout\\\/#primaryimage\",\"url\":\"https:\\\/\\\/www.france-etalons.com\\\/wp-content\\\/uploads\\\/2025\\\/09\\\/FE_RS_POST_NEWS_2025-ok-3108.jpg\",\"contentUrl\":\"https:\\\/\\\/www.france-etalons.com\\\/wp-content\\\/uploads\\\/2025\\\/09\\\/FE_RS_POST_NEWS_2025-ok-3108.jpg\",\"width\":1600,\"height\":2000},{\"@type\":\"BreadcrumbList\",\"@id\":\"https:\\\/\\\/www.france-etalons.com\\\/fr\\\/les-actus-du-25-au-31-aout\\\/#breadcrumb\",\"itemListElement\":[{\"@type\":\"ListItem\",\"position\":1,\"name\":\"Accueil\",\"item\":\"https:\\\/\\\/www.france-etalons.com\\\/fr\\\/\"},{\"@type\":\"ListItem\",\"position\":2,\"name\":\"Les actus du 25 au 31 ao\u00fbt\"}]},{\"@type\":\"WebSite\",\"@id\":\"https:\\\/\\\/www.france-etalons.com\\\/fr\\\/#website\",\"url\":\"https:\\\/\\\/www.france-etalons.com\\\/fr\\\/\",\"name\":\"France \u00c9talons\",\"description\":\"\",\"publisher\":{\"@id\":\"https:\\\/\\\/www.france-etalons.com\\\/fr\\\/#organization\"},\"potentialAction\":[{\"@type\":\"SearchAction\",\"target\":{\"@type\":\"EntryPoint\",\"urlTemplate\":\"https:\\\/\\\/www.france-etalons.com\\\/fr\\\/?s={search_term_string}\"},\"query-input\":{\"@type\":\"PropertyValueSpecification\",\"valueRequired\":true,\"valueName\":\"search_term_string\"}}],\"inLanguage\":\"fr-FR\"},{\"@type\":\"Organization\",\"@id\":\"https:\\\/\\\/www.france-etalons.com\\\/fr\\\/#organization\",\"name\":\"France \u00c9talons\",\"url\":\"https:\\\/\\\/www.france-etalons.com\\\/fr\\\/\",\"logo\":{\"@type\":\"ImageObject\",\"inLanguage\":\"fr-FR\",\"@id\":\"https:\\\/\\\/www.france-etalons.com\\\/fr\\\/#\\\/schema\\\/logo\\\/image\\\/\",\"url\":\"https:\\\/\\\/www.france-etalons.com\\\/wp-content\\\/uploads\\\/2023\\\/12\\\/logo_france_etalon.svg\",\"contentUrl\":\"https:\\\/\\\/www.france-etalons.com\\\/wp-content\\\/uploads\\\/2023\\\/12\\\/logo_france_etalon.svg\",\"width\":94,\"height\":64,\"caption\":\"France \u00c9talons\"},\"image\":{\"@id\":\"https:\\\/\\\/www.france-etalons.com\\\/fr\\\/#\\\/schema\\\/logo\\\/image\\\/\"}},{\"@type\":\"Person\",\"@id\":\"https:\\\/\\\/www.france-etalons.com\\\/fr\\\/#\\\/schema\\\/person\\\/5df4f324aba2d037526a1b167d3517bf\",\"name\":\"Communication\",\"image\":{\"@type\":\"ImageObject\",\"inLanguage\":\"fr-FR\",\"@id\":\"https:\\\/\\\/secure.gravatar.com\\\/avatar\\\/e437af93e394f6e22708a79dbb60db3be93324f61f0c422730f5310bb10d742a?s=96&d=mm&r=g\",\"url\":\"https:\\\/\\\/secure.gravatar.com\\\/avatar\\\/e437af93e394f6e22708a79dbb60db3be93324f61f0c422730f5310bb10d742a?s=96&d=mm&r=g\",\"contentUrl\":\"https:\\\/\\\/secure.gravatar.com\\\/avatar\\\/e437af93e394f6e22708a79dbb60db3be93324f61f0c422730f5310bb10d742a?s=96&d=mm&r=g\",\"caption\":\"Communication\"},\"url\":\"https:\\\/\\\/www.france-etalons.com\\\/fr\\\/author\\\/communication\\\/\"}]}<\/script>\n<!-- \/ Yoast SEO plugin. -->","yoast_head_json":{"title":"Les actus du 25 au 31 ao\u00fbt - France \u00c9talons","robots":{"index":"index","follow":"follow","max-snippet":"max-snippet:-1","max-image-preview":"max-image-preview:large","max-video-preview":"max-video-preview:-1"},"canonical":"https:\/\/www.france-etalons.com\/fr\/les-actus-du-25-au-31-aout\/","og_locale":"fr_FR","og_type":"article","og_title":"Les actus du 25 au 31 ao\u00fbt - France \u00c9talons","og_description":"D\u00e9couvrez quelques-unes des performances marquantes des derniers jours.&nbsp;&nbsp;&nbsp; NOS \u00c9TALONS&nbsp; Le fantastique ERMITAGE KALONE (Catoki x Kannan) a encore une fois impressionn\u00e9 en prenant la 2\u00e8me place dans la Coupe des Nations et la 9\u00e8me place du Grand Prix au CSI05* de Bruxelles.\u00a0\u00a0 GUERYMAX NOUVOLIEU (Vagabon de la Pomme x Berlin) est 10\u00e8me d\u2019une 1,40m [&hellip;]","og_url":"https:\/\/www.france-etalons.com\/fr\/les-actus-du-25-au-31-aout\/","og_site_name":"France \u00c9talons","article_published_time":"2025-09-02T13:56:20+00:00","article_modified_time":"2026-03-24T07:57:03+00:00","og_image":[{"width":1600,"height":2000,"url":"https:\/\/www.france-etalons.com\/wp-content\/uploads\/2025\/09\/FE_RS_POST_NEWS_2025-ok-3108.jpg","type":"image\/jpeg"}],"author":"Communication","twitter_card":"summary_large_image","schema":{"@context":"https:\/\/schema.org","@graph":[{"@type":"Article","@id":"https:\/\/www.france-etalons.com\/fr\/les-actus-du-25-au-31-aout\/#article","isPartOf":{"@id":"https:\/\/www.france-etalons.com\/fr\/les-actus-du-25-au-31-aout\/"},"author":{"name":"Communication","@id":"https:\/\/www.france-etalons.com\/fr\/#\/schema\/person\/5df4f324aba2d037526a1b167d3517bf"},"headline":"Les actus du 25 au 31 ao\u00fbt","datePublished":"2025-09-02T13:56:20+00:00","dateModified":"2026-03-24T07:57:03+00:00","mainEntityOfPage":{"@id":"https:\/\/www.france-etalons.com\/fr\/les-actus-du-25-au-31-aout\/"},"wordCount":362,"publisher":{"@id":"https:\/\/www.france-etalons.com\/fr\/#organization"},"image":{"@id":"https:\/\/www.france-etalons.com\/fr\/les-actus-du-25-au-31-aout\/#primaryimage"},"thumbnailUrl":"https:\/\/www.france-etalons.com\/wp-content\/uploads\/2025\/09\/FE_RS_POST_NEWS_2025-ok-3108.jpg","keywords":["ERMITAGE KALONE","GUERYMAX NOUVOLIEU","MYLORD CARTHAGO","NAXCEL V"],"articleSection":["Actualit\u00e9"],"inLanguage":"fr-FR"},{"@type":"WebPage","@id":"https:\/\/www.france-etalons.com\/fr\/les-actus-du-25-au-31-aout\/","url":"https:\/\/www.france-etalons.com\/fr\/les-actus-du-25-au-31-aout\/","name":"Les actus du 25 au 31 ao\u00fbt - France \u00c9talons","isPartOf":{"@id":"https:\/\/www.france-etalons.com\/fr\/#website"},"primaryImageOfPage":{"@id":"https:\/\/www.france-etalons.com\/fr\/les-actus-du-25-au-31-aout\/#primaryimage"},"image":{"@id":"https:\/\/www.france-etalons.com\/fr\/les-actus-du-25-au-31-aout\/#primaryimage"},"thumbnailUrl":"https:\/\/www.france-etalons.com\/wp-content\/uploads\/2025\/09\/FE_RS_POST_NEWS_2025-ok-3108.jpg","datePublished":"2025-09-02T13:56:20+00:00","dateModified":"2026-03-24T07:57:03+00:00","breadcrumb":{"@id":"https:\/\/www.france-etalons.com\/fr\/les-actus-du-25-au-31-aout\/#breadcrumb"},"inLanguage":"fr-FR","potentialAction":[{"@type":"ReadAction","target":["https:\/\/www.france-etalons.com\/fr\/les-actus-du-25-au-31-aout\/"]}]},{"@type":"ImageObject","inLanguage":"fr-FR","@id":"https:\/\/www.france-etalons.com\/fr\/les-actus-du-25-au-31-aout\/#primaryimage","url":"https:\/\/www.france-etalons.com\/wp-content\/uploads\/2025\/09\/FE_RS_POST_NEWS_2025-ok-3108.jpg","contentUrl":"https:\/\/www.france-etalons.com\/wp-content\/uploads\/2025\/09\/FE_RS_POST_NEWS_2025-ok-3108.jpg","width":1600,"height":2000},{"@type":"BreadcrumbList","@id":"https:\/\/www.france-etalons.com\/fr\/les-actus-du-25-au-31-aout\/#breadcrumb","itemListElement":[{"@type":"ListItem","position":1,"name":"Accueil","item":"https:\/\/www.france-etalons.com\/fr\/"},{"@type":"ListItem","position":2,"name":"Les actus du 25 au 31 ao\u00fbt"}]},{"@type":"WebSite","@id":"https:\/\/www.france-etalons.com\/fr\/#website","url":"https:\/\/www.france-etalons.com\/fr\/","name":"France \u00c9talons","description":"","publisher":{"@id":"https:\/\/www.france-etalons.com\/fr\/#organization"},"potentialAction":[{"@type":"SearchAction","target":{"@type":"EntryPoint","urlTemplate":"https:\/\/www.france-etalons.com\/fr\/?s={search_term_string}"},"query-input":{"@type":"PropertyValueSpecification","valueRequired":true,"valueName":"search_term_string"}}],"inLanguage":"fr-FR"},{"@type":"Organization","@id":"https:\/\/www.france-etalons.com\/fr\/#organization","name":"France \u00c9talons","url":"https:\/\/www.france-etalons.com\/fr\/","logo":{"@type":"ImageObject","inLanguage":"fr-FR","@id":"https:\/\/www.france-etalons.com\/fr\/#\/schema\/logo\/image\/","url":"https:\/\/www.france-etalons.com\/wp-content\/uploads\/2023\/12\/logo_france_etalon.svg","contentUrl":"https:\/\/www.france-etalons.com\/wp-content\/uploads\/2023\/12\/logo_france_etalon.svg","width":94,"height":64,"caption":"France \u00c9talons"},"image":{"@id":"https:\/\/www.france-etalons.com\/fr\/#\/schema\/logo\/image\/"}},{"@type":"Person","@id":"https:\/\/www.france-etalons.com\/fr\/#\/schema\/person\/5df4f324aba2d037526a1b167d3517bf","name":"Communication","image":{"@type":"ImageObject","inLanguage":"fr-FR","@id":"https:\/\/secure.gravatar.com\/avatar\/e437af93e394f6e22708a79dbb60db3be93324f61f0c422730f5310bb10d742a?s=96&d=mm&r=g","url":"https:\/\/secure.gravatar.com\/avatar\/e437af93e394f6e22708a79dbb60db3be93324f61f0c422730f5310bb10d742a?s=96&d=mm&r=g","contentUrl":"https:\/\/secure.gravatar.com\/avatar\/e437af93e394f6e22708a79dbb60db3be93324f61f0c422730f5310bb10d742a?s=96&d=mm&r=g","caption":"Communication"},"url":"https:\/\/www.france-etalons.com\/fr\/author\/communication\/"}]}},"_links":{"self":[{"href":"https:\/\/www.france-etalons.com\/fr\/wp-json\/wp\/v2\/posts\/5872","targetHints":{"allow":["GET"]}}],"collection":[{"href":"https:\/\/www.france-etalons.com\/fr\/wp-json\/wp\/v2\/posts"}],"about":[{"href":"https:\/\/www.france-etalons.com\/fr\/wp-json\/wp\/v2\/types\/post"}],"author":[{"embeddable":true,"href":"https:\/\/www.france-etalons.com\/fr\/wp-json\/wp\/v2\/users\/4"}],"replies":[{"embeddable":true,"href":"https:\/\/www.france-etalons.com\/fr\/wp-json\/wp\/v2\/comments?post=5872"}],"version-history":[{"count":8,"href":"https:\/\/www.france-etalons.com\/fr\/wp-json\/wp\/v2\/posts\/5872\/revisions"}],"predecessor-version":[{"id":5896,"href":"https:\/\/www.france-etalons.com\/fr\/wp-json\/wp\/v2\/posts\/5872\/revisions\/5896"}],"wp:featuredmedia":[{"embeddable":true,"href":"https:\/\/www.france-etalons.com\/fr\/wp-json\/wp\/v2\/media\/5881"}],"wp:attachment":[{"href":"https:\/\/www.france-etalons.com\/fr\/wp-json\/wp\/v2\/media?parent=5872"}],"wp:term":[{"taxonomy":"category","embeddable":true,"href":"https:\/\/www.france-etalons.com\/fr\/wp-json\/wp\/v2\/categories?post=5872"},{"taxonomy":"post_tag","embeddable":true,"href":"https:\/\/www.france-etalons.com\/fr\/wp-json\/wp\/v2\/tags?post=5872"}],"curies":[{"name":"wp","href":"https:\/\/api.w.org\/{rel}","templated":true}]}}