{"id":5803,"date":"2025-08-26T16:08:38","date_gmt":"2025-08-26T14:08:38","guid":{"rendered":"https:\/\/www.france-etalons.com\/?p=5803"},"modified":"2026-03-24T08:57:37","modified_gmt":"2026-03-24T07:57:37","slug":"les-actus-du-18-au-24-aout","status":"publish","type":"post","link":"https:\/\/www.france-etalons.com\/fr\/les-actus-du-18-au-24-aout\/","title":{"rendered":"Les actus du 18 au 24 ao\u00fbt"},"content":{"rendered":"\n<p><strong><em>D\u00e9couvrez quelques-unes des performances marquantes des derniers jours.&nbsp;&nbsp;<\/em><\/strong>&nbsp;<\/p>\n\n\n\n<p><strong>NOS \u00c9TALONS<\/strong>&nbsp;<\/p>\n\n\n\n<p><a href=\"https:\/\/www.france-etalons.com\/fr\/etalons\/JOLI%20COEUR%20DU%20CEDRE-groomy-27563\/\"><mark style=\"background-color:rgba(0, 0, 0, 0)\" class=\"has-inline-color has-custom-accent-1-color\">JOLI COEUR DU C\u00c8DRE<\/mark> <\/a>(Dollar dela Pierre x Baloubet du Rouet) signe un tr\u00e8s beau parcours sans faute aux obstacles dans le Grand Prix 1,30m des 6 ans \u00e0 Auvers. Une pr\u00e9paration parfaite pour Fontainebleau, malgr\u00e9 le petit point de temps qui le prive du barrage.&nbsp;&nbsp;<\/p>\n\n\n\n<p><strong><a href=\"https:\/\/www.france-etalons.com\/fr\/etalons\/JUSTINIEN%20DE%20VAINS-groomy-30513\/\"><mark style=\"background-color:rgba(0, 0, 0, 0)\" class=\"has-inline-color has-custom-accent-1-color\">JUSTINIEN DE VAINS<\/mark><\/a><\/strong><mark style=\"background-color:rgba(0, 0, 0, 0)\" class=\"has-inline-color has-custom-accent-1-color\"> <\/mark>(Untouchable x Ogano Sitte) a lui aussi effectu\u00e9 un derri\u00e8re concours avant<strong> <a href=\"http:\/\/test.fr\">Fontainebleau<\/a>.<\/strong> Il est sans faute dans un Grand Prix 1,30m \u00e0 Auvers.&nbsp;&nbsp;<\/p>\n\n\n\n<p><strong><a href=\"https:\/\/www.france-etalons.com\/fr\/etalons\/HALISCO%20DASSCHAUT-groomy-24601\/\"><mark style=\"background-color:rgba(0, 0, 0, 0)\" class=\"has-inline-color has-custom-accent-1-color\">HALISCO D&rsquo;ASSCHAUT<\/mark><\/a><\/strong> (Vigo C\u00e9c\u00e9 x For Pleasure) est 10\u00e8me en r\u00e9alisant un bon parcours de travail dans le Grand Prix 1,40m \u00e0 Glatigny.&nbsp;&nbsp;<\/p>\n\n\n\n<p><\/p>\n\n\n\n<p><strong>LES PRODUITS DE NOS \u00c9TALONS<\/strong>&nbsp;<\/p>\n\n\n\n<p>Les descendants de nos<strong><em> \u00e9talons stars <\/em><\/strong>sont toujours aussi pr\u00e9sents sur les podiums.&nbsp;<\/p>\n\n\n\n<p>Hatlantika<a href=\"https:\/\/www.france-etalons.com\/fr\/etalons\/BEST%20OF%20ISCLA-groomy-30504\/\"> <mark style=\"background-color:rgba(0, 0, 0, 0)\" class=\"has-inline-color has-custom-accent-1-color\">(BEST OF ISCLA)<\/mark><\/a><mark style=\"background-color:rgba(0, 0, 0, 0)\" class=\"has-inline-color has-custom-accent-1-color\"> <\/mark>est 3\u00e8me d\u2019un Grand Prix 1,40m \u00e0 Auvers. &nbsp;<\/p>\n\n\n\n<p><mark style=\"background-color:rgba(0, 0, 0, 0)\" class=\"has-inline-color has-custom-white-color\">Grande Dame DK<strong> <\/strong><\/mark><strong><a href=\"https:\/\/www.france-etalons.com\/fr\/etalons\/BY%20CERA%20DICK-groomy-16854\/\"><mark style=\"background-color:rgba(0, 0, 0, 0)\" class=\"has-inline-color has-custom-accent-1-color\">(BY CERA D\u2019ICK)<\/mark><\/a><\/strong><a href=\"https:\/\/www.france-etalons.com\/fr\/etalons\/BY%20CERA%20DICK-groomy-16854\/\"> <\/a>termine 5\u00e8me du Grand Prix 1,45m du CSI2* de Rockwood.\u00a0\u00a0<\/p>\n\n\n\n<p><mark style=\"background-color:rgba(0, 0, 0, 0)\" class=\"has-inline-color has-custom-white-color\">Ariso <\/mark><a href=\"https:\/\/www.france-etalons.com\/fr\/etalons\/CASALL-groomy-16859\/$\"><mark style=\"background-color:rgba(0, 0, 0, 0)\" class=\"has-inline-color has-custom-accent-1-color\">(CAS<\/mark><\/a><a href=\"https:\/\/www.france-etalons.com\/fr\/etalons\/CASALL-groomy-16859\/\"><mark style=\"background-color:rgba(0, 0, 0, 0)\" class=\"has-inline-color has-custom-accent-1-color\">ALL)<\/mark><\/a><mark style=\"background-color:rgba(0, 0, 0, 0)\" class=\"has-inline-color has-custom-white-color\"> <\/mark>prend la 2\u00e8me place d\u2019une 1,50m mais aussi la 5\u00e8me place du Grand Prix 1,60m du CSI5* de Rockwood.\u00a0<\/p>\n\n\n\n<p>Loreley 124 <a href=\"https:\/\/www.france-etalons.com\/fr\/etalons\/COLORE-groomy-21980\/\"><mark style=\"background-color:rgba(0, 0, 0, 0)\" class=\"has-inline-color has-custom-accent-1-color\">(COLORE)<\/mark> <\/a>remporte deux \u00e9preuves \u00e0 1,35m \u00e0 Arendal (NOR).&nbsp;&nbsp;<\/p>\n\n\n\n<p>Ipaline Degli Assi <strong><a href=\"https:\/\/www.france-etalons.com\/fr\/etalons\/INSHALLAH%20DE%20MUZE-groomy-24405\/\"><mark style=\"background-color:rgba(0, 0, 0, 0)\" class=\"has-inline-color has-custom-accent-1-color\">(INSHALLAH DE MUZE)<\/mark><\/a><\/strong> est 4\u00e8me et 6\u00e8me d\u2019\u00e9preuves 1,40m \u00e0 Narni (ITA).&nbsp;&nbsp;<\/p>\n\n\n\n<p>Classic Donna <strong><a href=\"https:\/\/www.france-etalons.com\/fr\/etalons\/MYLORD%20CARTHAGO-groomy-15442\/\"><mark style=\"background-color:rgba(0, 0, 0, 0)\" class=\"has-inline-color has-custom-accent-1-color\">(MYLORD CARTHAGO)<\/mark><\/a><\/strong> est 6\u00e8me d\u2019une 1,45m et 3\u00e8me d\u2019une 1,50m au CSI4* de M\u00fcnster. Bingo du Parc <strong><a href=\"https:\/\/www.france-etalons.com\/fr\/etalons\/MYLORD%20CARTHAGO-groomy-15442\/\"><mark style=\"background-color:rgba(0, 0, 0, 0)\" class=\"has-inline-color has-custom-accent-1-color\">(MYLORD CARTHAGO)<\/mark><\/a><\/strong> prend la 8\u00e8me place d\u2019une 1,50m \u00e0 barrage au CSI5* GCT\/GCL de Valkenswaard. Bresil de Carnaval <a href=\"https:\/\/www.france-etalons.com\/fr\/etalons\/MYLORD%20CARTHAGO-groomy-15442\/\"><mark style=\"background-color:rgba(0, 0, 0, 0)\" class=\"has-inline-color has-custom-accent-1-color\">(MYLORD CARTHAGO)<\/mark> <\/a>est 2\u00e8me d\u2019une 1,45m au CSI5* de Rockwood.&nbsp;&nbsp;<\/p>\n\n\n\n<p>Karat du Plessis <a href=\"https:\/\/www.france-etalons.com\/fr\/etalons\/PADOCK%20DU%20PLESSIS-groomy-15448\/\"><mark style=\"background-color:rgba(0, 0, 0, 0)\" class=\"has-inline-color has-custom-accent-1-color\">(PADOCK DU PLESSIS)<\/mark> <\/a>termine 6\u00e8me d\u2019un 1,45m \u00e0 Aachen (ALL).&nbsp;<\/p>\n\n\n\n<p>Chez les poneys, on peut souligner les belles performances de Kigali Macaau <a href=\"https:\/\/www.france-etalons.com\/fr\/etalons\/FLIPPER%20DELLE-groomy-15437\/\"><mark style=\"background-color:rgba(0, 0, 0, 0)\" class=\"has-inline-color has-custom-accent-1-color\">(FLIPPER d\u2019ELLE)<\/mark><\/a> vice-championne de France des poneys C de 5 ans et de Jogry D&rsquo;Odival <a href=\"https:\/\/www.france-etalons.com\/fr\/etalons\/OGRION%20DES%20CHAMPS-groomy-15445\/\"><mark style=\"background-color:rgba(0, 0, 0, 0)\" class=\"has-inline-color has-custom-accent-1-color\">(OGRION DES CHAMPS)<\/mark><\/a> vice-champion de France des poneys C de 6 ans au So\u2019Pony de Fontainebleau.&nbsp;<\/p>\n\n\n\n<p>Parmi les descendants de nos valeurs montantes, Sabina v\/h Laageind <strong><a href=\"https:\/\/www.france-etalons.com\/fr\/etalons\/DUCATI%20VAN%20SCHUTTERSHOF-groomy-36649\/\"><mark style=\"background-color:rgba(0, 0, 0, 0)\" class=\"has-inline-color has-custom-accent-1-color\">(DUCATI VAN SCHUTTERSHOF)<\/mark><\/a><\/strong> est 2\u00e8me d\u2019une 1,35m \u00e0 barrage \u00e0 Arendal (NOR).&nbsp;&nbsp;<\/p>\n\n\n\n<p><\/p>\n\n\n\n<figure class=\"wp-block-embed is-type-video is-provider-youtube wp-block-embed-youtube wp-embed-aspect-16-9 wp-has-aspect-ratio\"><div class=\"wp-block-embed__wrapper\">\n<iframe loading=\"lazy\" title=\"Ipaline Degli Assi ( INSHALLAH DE MUZE)\" width=\"500\" height=\"281\" src=\"https:\/\/www.youtube.com\/embed\/HgbMrIBmX_8?feature=oembed\" frameborder=\"0\" allow=\"accelerometer; autoplay; clipboard-write; encrypted-media; gyroscope; picture-in-picture; web-share\" referrerpolicy=\"strict-origin-when-cross-origin\" allowfullscreen><\/iframe>\n<\/div><\/figure>\n","protected":false},"excerpt":{"rendered":"<p>D\u00e9couvrez quelques-unes des performances marquantes des derniers jours.&nbsp;&nbsp;&nbsp; NOS \u00c9TALONS&nbsp; JOLI COEUR DU C\u00c8DRE (Dollar dela Pierre x Baloubet du Rouet) signe un tr\u00e8s beau parcours sans faute aux obstacles dans le Grand Prix 1,30m des 6 ans \u00e0 Auvers. Une pr\u00e9paration parfaite pour Fontainebleau, malgr\u00e9 le petit point de temps qui le prive du [&hellip;]<\/p>\n","protected":false},"author":4,"featured_media":5804,"comment_status":"closed","ping_status":"open","sticky":false,"template":"","format":"standard","meta":{"_acf_changed":false,"inline_featured_image":false,"footnotes":""},"categories":[11],"tags":[55,62,72,80,81,89,94],"class_list":["post-5803","post","type-post","status-publish","format-standard","has-post-thumbnail","hentry","category-actualite","tag-55","tag-62","tag-72","tag-80","tag-81","tag-89","tag-94"],"acf":[],"yoast_head":"<!-- This site is optimized with the Yoast SEO plugin v27.3 - https:\/\/yoast.com\/product\/yoast-seo-wordpress\/ -->\n<title>Les actus du 18 au 24 ao\u00fbt - France \u00c9talons<\/title>\n<meta name=\"robots\" content=\"index, follow, max-snippet:-1, max-image-preview:large, max-video-preview:-1\" \/>\n<link rel=\"canonical\" href=\"https:\/\/www.france-etalons.com\/fr\/les-actus-du-18-au-24-aout\/\" \/>\n<meta property=\"og:locale\" content=\"fr_FR\" \/>\n<meta property=\"og:type\" content=\"article\" \/>\n<meta property=\"og:title\" content=\"Les actus du 18 au 24 ao\u00fbt - France \u00c9talons\" \/>\n<meta property=\"og:description\" content=\"D\u00e9couvrez quelques-unes des performances marquantes des derniers jours.&nbsp;&nbsp;&nbsp; NOS \u00c9TALONS&nbsp; JOLI COEUR DU C\u00c8DRE (Dollar dela Pierre x Baloubet du Rouet) signe un tr\u00e8s beau parcours sans faute aux obstacles dans le Grand Prix 1,30m des 6 ans \u00e0 Auvers. Une pr\u00e9paration parfaite pour Fontainebleau, malgr\u00e9 le petit point de temps qui le prive du [&hellip;]\" \/>\n<meta property=\"og:url\" content=\"https:\/\/www.france-etalons.com\/fr\/les-actus-du-18-au-24-aout\/\" \/>\n<meta property=\"og:site_name\" content=\"France \u00c9talons\" \/>\n<meta property=\"article:published_time\" content=\"2025-08-26T14:08:38+00:00\" \/>\n<meta property=\"article:modified_time\" content=\"2026-03-24T07:57:37+00:00\" \/>\n<meta property=\"og:image\" content=\"https:\/\/www.france-etalons.com\/wp-content\/uploads\/2025\/08\/FE_RS_POST_NEWS_2025-ok-2508-819x1024.jpg\" \/>\n\t<meta property=\"og:image:width\" content=\"819\" \/>\n\t<meta property=\"og:image:height\" content=\"1024\" \/>\n\t<meta property=\"og:image:type\" content=\"image\/jpeg\" \/>\n<meta name=\"author\" content=\"Communication\" \/>\n<meta name=\"twitter:card\" content=\"summary_large_image\" \/>\n<script type=\"application\/ld+json\" class=\"yoast-schema-graph\">{\"@context\":\"https:\\\/\\\/schema.org\",\"@graph\":[{\"@type\":\"Article\",\"@id\":\"https:\\\/\\\/www.france-etalons.com\\\/fr\\\/les-actus-du-18-au-24-aout\\\/#article\",\"isPartOf\":{\"@id\":\"https:\\\/\\\/www.france-etalons.com\\\/fr\\\/les-actus-du-18-au-24-aout\\\/\"},\"author\":{\"name\":\"Communication\",\"@id\":\"https:\\\/\\\/www.france-etalons.com\\\/fr\\\/#\\\/schema\\\/person\\\/5df4f324aba2d037526a1b167d3517bf\"},\"headline\":\"Les actus du 18 au 24 ao\u00fbt\",\"datePublished\":\"2025-08-26T14:08:38+00:00\",\"dateModified\":\"2026-03-24T07:57:37+00:00\",\"mainEntityOfPage\":{\"@id\":\"https:\\\/\\\/www.france-etalons.com\\\/fr\\\/les-actus-du-18-au-24-aout\\\/\"},\"wordCount\":371,\"publisher\":{\"@id\":\"https:\\\/\\\/www.france-etalons.com\\\/fr\\\/#organization\"},\"image\":{\"@id\":\"https:\\\/\\\/www.france-etalons.com\\\/fr\\\/les-actus-du-18-au-24-aout\\\/#primaryimage\"},\"thumbnailUrl\":\"https:\\\/\\\/www.france-etalons.com\\\/wp-content\\\/uploads\\\/2025\\\/08\\\/FE_RS_POST_NEWS_2025-ok-2508.jpg\",\"keywords\":[\"FLIPPER D'ELLE\",\"HALISCO D'ASSCHAUT\",\"INSHALLAH DE MUZE\",\"JOLI COEUR DU CEDRE\",\"JUSTINIEN DE VAINS\",\"MYLORD CARTHAGO\",\"OGRION DES CHAMPS\"],\"articleSection\":[\"Actualit\u00e9\"],\"inLanguage\":\"fr-FR\"},{\"@type\":\"WebPage\",\"@id\":\"https:\\\/\\\/www.france-etalons.com\\\/fr\\\/les-actus-du-18-au-24-aout\\\/\",\"url\":\"https:\\\/\\\/www.france-etalons.com\\\/fr\\\/les-actus-du-18-au-24-aout\\\/\",\"name\":\"Les actus du 18 au 24 ao\u00fbt - France \u00c9talons\",\"isPartOf\":{\"@id\":\"https:\\\/\\\/www.france-etalons.com\\\/fr\\\/#website\"},\"primaryImageOfPage\":{\"@id\":\"https:\\\/\\\/www.france-etalons.com\\\/fr\\\/les-actus-du-18-au-24-aout\\\/#primaryimage\"},\"image\":{\"@id\":\"https:\\\/\\\/www.france-etalons.com\\\/fr\\\/les-actus-du-18-au-24-aout\\\/#primaryimage\"},\"thumbnailUrl\":\"https:\\\/\\\/www.france-etalons.com\\\/wp-content\\\/uploads\\\/2025\\\/08\\\/FE_RS_POST_NEWS_2025-ok-2508.jpg\",\"datePublished\":\"2025-08-26T14:08:38+00:00\",\"dateModified\":\"2026-03-24T07:57:37+00:00\",\"breadcrumb\":{\"@id\":\"https:\\\/\\\/www.france-etalons.com\\\/fr\\\/les-actus-du-18-au-24-aout\\\/#breadcrumb\"},\"inLanguage\":\"fr-FR\",\"potentialAction\":[{\"@type\":\"ReadAction\",\"target\":[\"https:\\\/\\\/www.france-etalons.com\\\/fr\\\/les-actus-du-18-au-24-aout\\\/\"]}]},{\"@type\":\"ImageObject\",\"inLanguage\":\"fr-FR\",\"@id\":\"https:\\\/\\\/www.france-etalons.com\\\/fr\\\/les-actus-du-18-au-24-aout\\\/#primaryimage\",\"url\":\"https:\\\/\\\/www.france-etalons.com\\\/wp-content\\\/uploads\\\/2025\\\/08\\\/FE_RS_POST_NEWS_2025-ok-2508.jpg\",\"contentUrl\":\"https:\\\/\\\/www.france-etalons.com\\\/wp-content\\\/uploads\\\/2025\\\/08\\\/FE_RS_POST_NEWS_2025-ok-2508.jpg\",\"width\":1760,\"height\":2200},{\"@type\":\"BreadcrumbList\",\"@id\":\"https:\\\/\\\/www.france-etalons.com\\\/fr\\\/les-actus-du-18-au-24-aout\\\/#breadcrumb\",\"itemListElement\":[{\"@type\":\"ListItem\",\"position\":1,\"name\":\"Accueil\",\"item\":\"https:\\\/\\\/www.france-etalons.com\\\/fr\\\/\"},{\"@type\":\"ListItem\",\"position\":2,\"name\":\"Les actus du 18 au 24 ao\u00fbt\"}]},{\"@type\":\"WebSite\",\"@id\":\"https:\\\/\\\/www.france-etalons.com\\\/fr\\\/#website\",\"url\":\"https:\\\/\\\/www.france-etalons.com\\\/fr\\\/\",\"name\":\"France \u00c9talons\",\"description\":\"\",\"publisher\":{\"@id\":\"https:\\\/\\\/www.france-etalons.com\\\/fr\\\/#organization\"},\"potentialAction\":[{\"@type\":\"SearchAction\",\"target\":{\"@type\":\"EntryPoint\",\"urlTemplate\":\"https:\\\/\\\/www.france-etalons.com\\\/fr\\\/?s={search_term_string}\"},\"query-input\":{\"@type\":\"PropertyValueSpecification\",\"valueRequired\":true,\"valueName\":\"search_term_string\"}}],\"inLanguage\":\"fr-FR\"},{\"@type\":\"Organization\",\"@id\":\"https:\\\/\\\/www.france-etalons.com\\\/fr\\\/#organization\",\"name\":\"France \u00c9talons\",\"url\":\"https:\\\/\\\/www.france-etalons.com\\\/fr\\\/\",\"logo\":{\"@type\":\"ImageObject\",\"inLanguage\":\"fr-FR\",\"@id\":\"https:\\\/\\\/www.france-etalons.com\\\/fr\\\/#\\\/schema\\\/logo\\\/image\\\/\",\"url\":\"https:\\\/\\\/www.france-etalons.com\\\/wp-content\\\/uploads\\\/2023\\\/12\\\/logo_france_etalon.svg\",\"contentUrl\":\"https:\\\/\\\/www.france-etalons.com\\\/wp-content\\\/uploads\\\/2023\\\/12\\\/logo_france_etalon.svg\",\"width\":94,\"height\":64,\"caption\":\"France \u00c9talons\"},\"image\":{\"@id\":\"https:\\\/\\\/www.france-etalons.com\\\/fr\\\/#\\\/schema\\\/logo\\\/image\\\/\"}},{\"@type\":\"Person\",\"@id\":\"https:\\\/\\\/www.france-etalons.com\\\/fr\\\/#\\\/schema\\\/person\\\/5df4f324aba2d037526a1b167d3517bf\",\"name\":\"Communication\",\"image\":{\"@type\":\"ImageObject\",\"inLanguage\":\"fr-FR\",\"@id\":\"https:\\\/\\\/secure.gravatar.com\\\/avatar\\\/e437af93e394f6e22708a79dbb60db3be93324f61f0c422730f5310bb10d742a?s=96&d=mm&r=g\",\"url\":\"https:\\\/\\\/secure.gravatar.com\\\/avatar\\\/e437af93e394f6e22708a79dbb60db3be93324f61f0c422730f5310bb10d742a?s=96&d=mm&r=g\",\"contentUrl\":\"https:\\\/\\\/secure.gravatar.com\\\/avatar\\\/e437af93e394f6e22708a79dbb60db3be93324f61f0c422730f5310bb10d742a?s=96&d=mm&r=g\",\"caption\":\"Communication\"},\"url\":\"https:\\\/\\\/www.france-etalons.com\\\/fr\\\/author\\\/communication\\\/\"}]}<\/script>\n<!-- \/ Yoast SEO plugin. -->","yoast_head_json":{"title":"Les actus du 18 au 24 ao\u00fbt - France \u00c9talons","robots":{"index":"index","follow":"follow","max-snippet":"max-snippet:-1","max-image-preview":"max-image-preview:large","max-video-preview":"max-video-preview:-1"},"canonical":"https:\/\/www.france-etalons.com\/fr\/les-actus-du-18-au-24-aout\/","og_locale":"fr_FR","og_type":"article","og_title":"Les actus du 18 au 24 ao\u00fbt - France \u00c9talons","og_description":"D\u00e9couvrez quelques-unes des performances marquantes des derniers jours.&nbsp;&nbsp;&nbsp; NOS \u00c9TALONS&nbsp; JOLI COEUR DU C\u00c8DRE (Dollar dela Pierre x Baloubet du Rouet) signe un tr\u00e8s beau parcours sans faute aux obstacles dans le Grand Prix 1,30m des 6 ans \u00e0 Auvers. Une pr\u00e9paration parfaite pour Fontainebleau, malgr\u00e9 le petit point de temps qui le prive du [&hellip;]","og_url":"https:\/\/www.france-etalons.com\/fr\/les-actus-du-18-au-24-aout\/","og_site_name":"France \u00c9talons","article_published_time":"2025-08-26T14:08:38+00:00","article_modified_time":"2026-03-24T07:57:37+00:00","og_image":[{"width":819,"height":1024,"url":"https:\/\/www.france-etalons.com\/wp-content\/uploads\/2025\/08\/FE_RS_POST_NEWS_2025-ok-2508-819x1024.jpg","type":"image\/jpeg"}],"author":"Communication","twitter_card":"summary_large_image","schema":{"@context":"https:\/\/schema.org","@graph":[{"@type":"Article","@id":"https:\/\/www.france-etalons.com\/fr\/les-actus-du-18-au-24-aout\/#article","isPartOf":{"@id":"https:\/\/www.france-etalons.com\/fr\/les-actus-du-18-au-24-aout\/"},"author":{"name":"Communication","@id":"https:\/\/www.france-etalons.com\/fr\/#\/schema\/person\/5df4f324aba2d037526a1b167d3517bf"},"headline":"Les actus du 18 au 24 ao\u00fbt","datePublished":"2025-08-26T14:08:38+00:00","dateModified":"2026-03-24T07:57:37+00:00","mainEntityOfPage":{"@id":"https:\/\/www.france-etalons.com\/fr\/les-actus-du-18-au-24-aout\/"},"wordCount":371,"publisher":{"@id":"https:\/\/www.france-etalons.com\/fr\/#organization"},"image":{"@id":"https:\/\/www.france-etalons.com\/fr\/les-actus-du-18-au-24-aout\/#primaryimage"},"thumbnailUrl":"https:\/\/www.france-etalons.com\/wp-content\/uploads\/2025\/08\/FE_RS_POST_NEWS_2025-ok-2508.jpg","keywords":["FLIPPER D'ELLE","HALISCO D'ASSCHAUT","INSHALLAH DE MUZE","JOLI COEUR DU CEDRE","JUSTINIEN DE VAINS","MYLORD CARTHAGO","OGRION DES CHAMPS"],"articleSection":["Actualit\u00e9"],"inLanguage":"fr-FR"},{"@type":"WebPage","@id":"https:\/\/www.france-etalons.com\/fr\/les-actus-du-18-au-24-aout\/","url":"https:\/\/www.france-etalons.com\/fr\/les-actus-du-18-au-24-aout\/","name":"Les actus du 18 au 24 ao\u00fbt - France \u00c9talons","isPartOf":{"@id":"https:\/\/www.france-etalons.com\/fr\/#website"},"primaryImageOfPage":{"@id":"https:\/\/www.france-etalons.com\/fr\/les-actus-du-18-au-24-aout\/#primaryimage"},"image":{"@id":"https:\/\/www.france-etalons.com\/fr\/les-actus-du-18-au-24-aout\/#primaryimage"},"thumbnailUrl":"https:\/\/www.france-etalons.com\/wp-content\/uploads\/2025\/08\/FE_RS_POST_NEWS_2025-ok-2508.jpg","datePublished":"2025-08-26T14:08:38+00:00","dateModified":"2026-03-24T07:57:37+00:00","breadcrumb":{"@id":"https:\/\/www.france-etalons.com\/fr\/les-actus-du-18-au-24-aout\/#breadcrumb"},"inLanguage":"fr-FR","potentialAction":[{"@type":"ReadAction","target":["https:\/\/www.france-etalons.com\/fr\/les-actus-du-18-au-24-aout\/"]}]},{"@type":"ImageObject","inLanguage":"fr-FR","@id":"https:\/\/www.france-etalons.com\/fr\/les-actus-du-18-au-24-aout\/#primaryimage","url":"https:\/\/www.france-etalons.com\/wp-content\/uploads\/2025\/08\/FE_RS_POST_NEWS_2025-ok-2508.jpg","contentUrl":"https:\/\/www.france-etalons.com\/wp-content\/uploads\/2025\/08\/FE_RS_POST_NEWS_2025-ok-2508.jpg","width":1760,"height":2200},{"@type":"BreadcrumbList","@id":"https:\/\/www.france-etalons.com\/fr\/les-actus-du-18-au-24-aout\/#breadcrumb","itemListElement":[{"@type":"ListItem","position":1,"name":"Accueil","item":"https:\/\/www.france-etalons.com\/fr\/"},{"@type":"ListItem","position":2,"name":"Les actus du 18 au 24 ao\u00fbt"}]},{"@type":"WebSite","@id":"https:\/\/www.france-etalons.com\/fr\/#website","url":"https:\/\/www.france-etalons.com\/fr\/","name":"France \u00c9talons","description":"","publisher":{"@id":"https:\/\/www.france-etalons.com\/fr\/#organization"},"potentialAction":[{"@type":"SearchAction","target":{"@type":"EntryPoint","urlTemplate":"https:\/\/www.france-etalons.com\/fr\/?s={search_term_string}"},"query-input":{"@type":"PropertyValueSpecification","valueRequired":true,"valueName":"search_term_string"}}],"inLanguage":"fr-FR"},{"@type":"Organization","@id":"https:\/\/www.france-etalons.com\/fr\/#organization","name":"France \u00c9talons","url":"https:\/\/www.france-etalons.com\/fr\/","logo":{"@type":"ImageObject","inLanguage":"fr-FR","@id":"https:\/\/www.france-etalons.com\/fr\/#\/schema\/logo\/image\/","url":"https:\/\/www.france-etalons.com\/wp-content\/uploads\/2023\/12\/logo_france_etalon.svg","contentUrl":"https:\/\/www.france-etalons.com\/wp-content\/uploads\/2023\/12\/logo_france_etalon.svg","width":94,"height":64,"caption":"France \u00c9talons"},"image":{"@id":"https:\/\/www.france-etalons.com\/fr\/#\/schema\/logo\/image\/"}},{"@type":"Person","@id":"https:\/\/www.france-etalons.com\/fr\/#\/schema\/person\/5df4f324aba2d037526a1b167d3517bf","name":"Communication","image":{"@type":"ImageObject","inLanguage":"fr-FR","@id":"https:\/\/secure.gravatar.com\/avatar\/e437af93e394f6e22708a79dbb60db3be93324f61f0c422730f5310bb10d742a?s=96&d=mm&r=g","url":"https:\/\/secure.gravatar.com\/avatar\/e437af93e394f6e22708a79dbb60db3be93324f61f0c422730f5310bb10d742a?s=96&d=mm&r=g","contentUrl":"https:\/\/secure.gravatar.com\/avatar\/e437af93e394f6e22708a79dbb60db3be93324f61f0c422730f5310bb10d742a?s=96&d=mm&r=g","caption":"Communication"},"url":"https:\/\/www.france-etalons.com\/fr\/author\/communication\/"}]}},"_links":{"self":[{"href":"https:\/\/www.france-etalons.com\/fr\/wp-json\/wp\/v2\/posts\/5803","targetHints":{"allow":["GET"]}}],"collection":[{"href":"https:\/\/www.france-etalons.com\/fr\/wp-json\/wp\/v2\/posts"}],"about":[{"href":"https:\/\/www.france-etalons.com\/fr\/wp-json\/wp\/v2\/types\/post"}],"author":[{"embeddable":true,"href":"https:\/\/www.france-etalons.com\/fr\/wp-json\/wp\/v2\/users\/4"}],"replies":[{"embeddable":true,"href":"https:\/\/www.france-etalons.com\/fr\/wp-json\/wp\/v2\/comments?post=5803"}],"version-history":[{"count":21,"href":"https:\/\/www.france-etalons.com\/fr\/wp-json\/wp\/v2\/posts\/5803\/revisions"}],"predecessor-version":[{"id":5834,"href":"https:\/\/www.france-etalons.com\/fr\/wp-json\/wp\/v2\/posts\/5803\/revisions\/5834"}],"wp:featuredmedia":[{"embeddable":true,"href":"https:\/\/www.france-etalons.com\/fr\/wp-json\/wp\/v2\/media\/5804"}],"wp:attachment":[{"href":"https:\/\/www.france-etalons.com\/fr\/wp-json\/wp\/v2\/media?parent=5803"}],"wp:term":[{"taxonomy":"category","embeddable":true,"href":"https:\/\/www.france-etalons.com\/fr\/wp-json\/wp\/v2\/categories?post=5803"},{"taxonomy":"post_tag","embeddable":true,"href":"https:\/\/www.france-etalons.com\/fr\/wp-json\/wp\/v2\/tags?post=5803"}],"curies":[{"name":"wp","href":"https:\/\/api.w.org\/{rel}","templated":true}]}}