{"id":5549,"date":"2025-07-15T16:42:32","date_gmt":"2025-07-15T14:42:32","guid":{"rendered":"https:\/\/www.france-etalons.com\/?p=5549"},"modified":"2026-03-24T08:57:38","modified_gmt":"2026-03-24T07:57:38","slug":"les-actus-du-7au-13-juillet","status":"publish","type":"post","link":"https:\/\/www.france-etalons.com\/fr\/les-actus-du-7au-13-juillet\/","title":{"rendered":"Les actus du 7 au 13 juillet"},"content":{"rendered":"\n<p><strong><em>D\u00e9couvrez quelques-unes des performances marquantes des derniers jours.&nbsp;<\/em><\/strong><\/p>\n\n\n\n<p><mark style=\"background-color:rgba(0, 0, 0, 0)\" class=\"has-inline-color has-custom-white-color\"><strong>NOS \u00c9TALONS<\/strong><br><br>Notre jeune <\/mark><strong><a href=\"https:\/\/www.france-etalons.com\/fr\/etalons\/KEOPS%20DE%20TALMA-groomy-35456\/\"><mark style=\"background-color:rgba(0, 0, 0, 0)\" class=\"has-inline-color has-custom-accent-1-color\">KEOPS DE TALMA<\/mark><\/a><\/strong><mark style=\"background-color:rgba(0, 0, 0, 0)\" class=\"has-inline-color has-custom-white-color\"><strong> (<\/strong><\/mark><a href=\"https:\/\/www.france-etalons.com\/fr\/etalons\/BY%20CERA%20DICK-groomy-16854\/\"><mark style=\"background-color:rgba(0, 0, 0, 0)\" class=\"has-inline-color has-custom-accent-1-color\">BY CERA D\u2019ICK<\/mark><\/a><mark style=\"background-color:rgba(0, 0, 0, 0)\" class=\"has-inline-color has-custom-white-color\"> <\/mark>x Quaprice) est double sans faute dans les cycles classiques 5 ans de Rosi\u00e8res aux Salines.<\/p>\n\n\n\n<p><a href=\"https:\/\/www.france-etalons.com\/fr\/etalons\/INDIGO%20DE%20TALMA-groomy-30508\/\"><mark style=\"background-color:rgba(0, 0, 0, 0)\" class=\"has-inline-color has-custom-accent-1-color\">INDIGO DE TALMA<\/mark><\/a> signe un tr\u00e8s beau parcours sans faute aux obstacles dans le GP 1,40m TOP 7 de La Haye Pesnel, mais un petit point de temps d\u00e9pass\u00e9 le prive du barrage. <br><br>Sous la selle de Reynald Angot, <strong><a href=\"https:\/\/www.france-etalons.com\/fr\/etalons\/CHROME%20DIVRAIE-groomy-16857\/\"><mark style=\"background-color:rgba(0, 0, 0, 0)\" class=\"has-inline-color has-custom-accent-1-color\">CHROME D\u2019IVRAIE<\/mark><\/a><\/strong> (<a href=\"https:\/\/www.france-etalons.com\/fr\/etalons\/JARNAC-groomy-18196\/\"><mark style=\"background-color:rgba(0, 0, 0, 0)\" class=\"has-inline-color has-custom-accent-1-color\">JARNAC<\/mark><\/a> x Tigris) prend une belle 6\u00e8me dans le GP 1,45m de La Haye Pesnel.\u00a0(photo de couverture \u00a9Simon photos)<\/p>\n\n\n\n<p><\/p>\n\n\n\n<figure class=\"wp-block-embed is-type-video is-provider-youtube wp-block-embed-youtube wp-embed-aspect-16-9 wp-has-aspect-ratio\"><div class=\"wp-block-embed__wrapper\">\n<iframe loading=\"lazy\" title=\"CHROME D&#039;IVRAIE - GP 1,45m La Haye Pesnel\" width=\"500\" height=\"281\" src=\"https:\/\/www.youtube.com\/embed\/CWGGP5HEkiY?feature=oembed\" frameborder=\"0\" allow=\"accelerometer; autoplay; clipboard-write; encrypted-media; gyroscope; picture-in-picture; web-share\" referrerpolicy=\"strict-origin-when-cross-origin\" allowfullscreen><\/iframe>\n<\/div><\/figure>\n\n\n\n<p><strong>LES PRODUITS DE NOS \u00c9TALONS<\/strong><\/p>\n\n\n\n<p>Les descendants de nos<strong><em> \u00e9talons stars <\/em><\/strong>sont toujours aussi pr\u00e9sents sur les podiums.<\/p>\n\n\n\n<p>Funny Girl DK (<strong><a href=\"https:\/\/www.france-etalons.com\/fr\/etalons\/BY%20CERA%20DICK-groomy-16854\/\"><mark style=\"background-color:rgba(0, 0, 0, 0)\" class=\"has-inline-color has-custom-accent-1-color\">BY CERA<\/mark> <mark style=\"background-color:rgba(0, 0, 0, 0)\" class=\"has-inline-color has-custom-accent-1-color\">D\u2019ICK<\/mark><\/a><\/strong>) est 4\u00e8me du GP 1,45m de la Haye Pesnel. Itop Manciais (<strong> <a href=\"https:\/\/www.france-etalons.com\/fr\/etalons\/BY%20CERA%20DICK-groomy-16854\/\"><mark style=\"background-color:rgba(0, 0, 0, 0)\" class=\"has-inline-color has-custom-accent-1-color\">BY CERA D\u2019ICK<\/mark><\/a><\/strong>) est 8\u00e8me du GP Top 7 de La Haye Pesnel.&nbsp;<\/p>\n\n\n\n<p>Tanagra Jmen III (<strong><a href=\"https:\/\/www.france-etalons.com\/fr\/etalons\/CASALL-groomy-16859\/\"><mark style=\"background-color:rgba(0, 0, 0, 0)\" class=\"has-inline-color has-custom-accent-1-color\">CASALL<\/mark><\/a><\/strong>) une 1,60m lors du CBS Amadores e S\u00eanior Top de Soa Paulo. Cordial (<strong><a href=\"https:\/\/www.france-etalons.com\/fr\/etalons\/CASALL-groomy-16859\/\"><mark style=\"background-color:rgba(0, 0, 0, 0)\" class=\"has-inline-color has-custom-accent-1-color\">CASALL<\/mark><\/a><\/strong>) est 3\u00e8me du GP 1,55m du CSI4* de Valkenswaard. Lady van de Haaterhoeve prend une belle 4\u00e8me place dans le GP 1,55m du CSI3* de Ommen. Caballero (<strong><a href=\"https:\/\/www.france-etalons.com\/fr\/etalons\/CASALL-groomy-16859\/\"><mark style=\"background-color:rgba(0, 0, 0, 0)\" class=\"has-inline-color has-custom-accent-1-color\">CASALL<\/mark><\/a><\/strong>) est 5\u00e8me du GP 1,50m du CSI3* de Williamsburg. Caillan (<strong><a href=\"https:\/\/www.france-etalons.com\/fr\/etalons\/CASALL-groomy-16859\/\"><mark style=\"background-color:rgba(0, 0, 0, 0)\" class=\"has-inline-color has-custom-accent-1-color\">CASALL<\/mark><\/a><\/strong>) est 7\u00e8me d\u2019une 1,50m au CSIO5* de Falsterbo.&nbsp;<\/p>\n\n\n\n<p>GK Curacao (<strong><a href=\"https:\/\/www.france-etalons.com\/fr\/etalons\/CLARIMO-groomy-16937\/\"><mark style=\"background-color:rgba(0, 0, 0, 0)\" class=\"has-inline-color has-custom-accent-1-color\">CLARIMO<\/mark><\/a><\/strong>) est 2\u00e8me d\u2019une 1,50m \u00e0 barrage \u00e0 H\u00f6rup.&nbsp;<\/p>\n\n\n\n<p>Deesseka de Cerisy (<strong><a href=\"https:\/\/www.france-etalons.com\/fr\/etalons\/DOLLAR%20DELA%20PIERRE-groomy-18190\/\"><mark style=\"background-color:rgba(0, 0, 0, 0)\" class=\"has-inline-color has-custom-accent-1-color\">DOLLAR DELA PIERRE<\/mark><\/a><\/strong>) prend la 5\u00e8me place d\u2019une 1,50m \u00e0 Ornago.&nbsp;<\/p>\n\n\n\n<p>Corleone Tour Vidal (<strong><a href=\"https:\/\/www.france-etalons.com\/fr\/etalons\/MYLORD%20CARTHAGO-groomy-15442\/\"><mark style=\"background-color:rgba(0, 0, 0, 0)\" class=\"has-inline-color has-custom-accent-1-color\">MYLORD CARTHAGO<\/mark><\/a><\/strong>) remporte de titre de Champion d\u2019Europe Jeune Cavaliers par \u00e9quipe (1,50m) &nbsp; \u00e0 Riesenbeck<\/p>\n\n\n\n<p>Figueras de l\u2019Aume (<strong><a href=\"https:\/\/www.france-etalons.com\/fr\/etalons\/KAPITOL%20DARGONNE-groomy-16894\/\"><mark style=\"background-color:rgba(0, 0, 0, 0)\" class=\"has-inline-color has-custom-accent-1-color\">KAPITOL D\u2019ARGONNE<\/mark><\/a><\/strong>) est 8\u00e8me d\u2019une 1,50m au CSIO5* de Falsterbo.<\/p>\n\n\n\n<p><\/p>\n\n\n\n<figure class=\"wp-block-image aligncenter size-large\"><img loading=\"lazy\" decoding=\"async\" width=\"1024\" height=\"683\" src=\"https:\/\/www.france-etalons.com\/wp-content\/uploads\/2025\/07\/519680375_18043372814638245_5962407611738879964_n-1024x683.jpg\" alt=\"\" class=\"wp-image-5558\" srcset=\"https:\/\/www.france-etalons.com\/wp-content\/uploads\/2025\/07\/519680375_18043372814638245_5962407611738879964_n-1024x683.jpg 1024w, https:\/\/www.france-etalons.com\/wp-content\/uploads\/2025\/07\/519680375_18043372814638245_5962407611738879964_n-300x200.jpg 300w, https:\/\/www.france-etalons.com\/wp-content\/uploads\/2025\/07\/519680375_18043372814638245_5962407611738879964_n-768x512.jpg 768w, https:\/\/www.france-etalons.com\/wp-content\/uploads\/2025\/07\/519680375_18043372814638245_5962407611738879964_n.jpg 1440w\" sizes=\"auto, (max-width: 1024px) 100vw, 1024px\" \/><figcaption class=\"wp-element-caption\">Itop Manciais (BY CERA D&rsquo;ICK)<\/figcaption><\/figure>\n\n\n\n<p>Parmi les descendants de nos <strong><em>valeurs montantes<\/em><\/strong>, les descendants de <strong><a href=\"https:\/\/www.france-etalons.com\/fr\/etalons\/DUCATI%20VAN%20SCHUTTERSHOF-groomy-36649\/\"><mark style=\"background-color:rgba(0, 0, 0, 0)\" class=\"has-inline-color has-custom-accent-1-color\">DUCATI VAN SCHUTTERSHOF<\/mark><\/a><\/strong> se font particuli\u00e8rement remarquer dans les \u00e9preuves de 7 ans. Saladin \u2018S\u2019 est 2\u00e8me d\u2019une 1,30m au CSIYH 7 ans de Valkenswaard. Dakota EH Z est 3\u00e8me d\u2019une 1,35m au CSIYH 7 ans de San Giovanni. Au concours national de Savio (Ita), Deauville de Liebri z (7 ans) est d\u2019une 1,30m. Au national de Meerdonk, c\u2019est STB Silvio van de Koekelberg qui se distingue en prenant la 2\u00e8me place d\u2019une \u00e9preuve de 7 ans \u00e0 1,35m. On peut \u00e9galement retenir la performance de Joe Galant (<strong><a href=\"https:\/\/www.france-etalons.com\/fr\/etalons\/COCKTAIL%20DE%20TALMA-groomy-21993\/\"><mark style=\"background-color:rgba(0, 0, 0, 0)\" class=\"has-inline-color has-custom-accent-1-color\">COCKTAIL DE TALMA<\/mark><\/a><\/strong>) prend la 2\u00e8me place du GP 1,30m du CSIYH 6 ans de Blaye.<\/p>\n\n\n\n<p><\/p>\n\n\n\n<figure class=\"wp-block-embed is-type-video is-provider-youtube wp-block-embed-youtube wp-embed-aspect-16-9 wp-has-aspect-ratio\"><div class=\"wp-block-embed__wrapper\">\n<iframe loading=\"lazy\" title=\"STB Silvio van de Koekelberg (7 ans par DUCATI VAN SCHUTTERSHOF) - 1,35m Meerdonk\" width=\"500\" height=\"281\" src=\"https:\/\/www.youtube.com\/embed\/MyU87A5HO9o?feature=oembed\" frameborder=\"0\" allow=\"accelerometer; autoplay; clipboard-write; encrypted-media; gyroscope; picture-in-picture; web-share\" referrerpolicy=\"strict-origin-when-cross-origin\" allowfullscreen><\/iframe>\n<\/div><\/figure>\n","protected":false},"excerpt":{"rendered":"<p>D\u00e9couvrez quelques-unes des performances marquantes des derniers jours.&nbsp; NOS \u00c9TALONS Notre jeune KEOPS DE TALMA (BY CERA D\u2019ICK x Quaprice) est double sans faute dans les cycles classiques 5 ans de Rosi\u00e8res aux Salines. INDIGO DE TALMA signe un tr\u00e8s beau parcours sans faute aux obstacles dans le GP 1,40m TOP 7 de La Haye [&hellip;]<\/p>\n","protected":false},"author":4,"featured_media":5571,"comment_status":"closed","ping_status":"open","sticky":false,"template":"","format":"standard","meta":{"_acf_changed":false,"inline_featured_image":false,"footnotes":""},"categories":[11],"tags":[27,31,175,37,174,173],"class_list":["post-5549","post","type-post","status-publish","format-standard","has-post-thumbnail","hentry","category-actualite","tag-27","tag-31","tag-175","tag-37","tag-174","tag-173"],"acf":[],"yoast_head":"<!-- This site is optimized with the Yoast SEO plugin v27.3 - https:\/\/yoast.com\/product\/yoast-seo-wordpress\/ -->\n<title>Les actus du 7 au 13 juillet - France \u00c9talons<\/title>\n<meta name=\"robots\" content=\"index, follow, max-snippet:-1, max-image-preview:large, max-video-preview:-1\" \/>\n<link rel=\"canonical\" href=\"https:\/\/www.france-etalons.com\/fr\/les-actus-du-7au-13-juillet\/\" \/>\n<meta property=\"og:locale\" content=\"fr_FR\" \/>\n<meta property=\"og:type\" content=\"article\" \/>\n<meta property=\"og:title\" content=\"Les actus du 7 au 13 juillet - France \u00c9talons\" \/>\n<meta property=\"og:description\" content=\"D\u00e9couvrez quelques-unes des performances marquantes des derniers jours.&nbsp; NOS \u00c9TALONS Notre jeune KEOPS DE TALMA (BY CERA D\u2019ICK x Quaprice) est double sans faute dans les cycles classiques 5 ans de Rosi\u00e8res aux Salines. INDIGO DE TALMA signe un tr\u00e8s beau parcours sans faute aux obstacles dans le GP 1,40m TOP 7 de La Haye [&hellip;]\" \/>\n<meta property=\"og:url\" content=\"https:\/\/www.france-etalons.com\/fr\/les-actus-du-7au-13-juillet\/\" \/>\n<meta property=\"og:site_name\" content=\"France \u00c9talons\" \/>\n<meta property=\"article:published_time\" content=\"2025-07-15T14:42:32+00:00\" \/>\n<meta property=\"article:modified_time\" content=\"2026-03-24T07:57:38+00:00\" \/>\n<meta property=\"og:image\" content=\"https:\/\/www.france-etalons.com\/wp-content\/uploads\/2025\/07\/FE_RS_POST_NEWS_2025-ok-scaled.jpg\" \/>\n\t<meta property=\"og:image:width\" content=\"2048\" \/>\n\t<meta property=\"og:image:height\" content=\"2560\" \/>\n\t<meta property=\"og:image:type\" content=\"image\/jpeg\" \/>\n<meta name=\"author\" content=\"Communication\" \/>\n<meta name=\"twitter:card\" content=\"summary_large_image\" \/>\n<script type=\"application\/ld+json\" class=\"yoast-schema-graph\">{\"@context\":\"https:\\\/\\\/schema.org\",\"@graph\":[{\"@type\":\"Article\",\"@id\":\"https:\\\/\\\/www.france-etalons.com\\\/fr\\\/les-actus-du-7au-13-juillet\\\/#article\",\"isPartOf\":{\"@id\":\"https:\\\/\\\/www.france-etalons.com\\\/fr\\\/les-actus-du-7au-13-juillet\\\/\"},\"author\":{\"name\":\"Communication\",\"@id\":\"https:\\\/\\\/www.france-etalons.com\\\/fr\\\/#\\\/schema\\\/person\\\/5df4f324aba2d037526a1b167d3517bf\"},\"headline\":\"Les actus du 7 au 13 juillet\",\"datePublished\":\"2025-07-15T14:42:32+00:00\",\"dateModified\":\"2026-03-24T07:57:38+00:00\",\"mainEntityOfPage\":{\"@id\":\"https:\\\/\\\/www.france-etalons.com\\\/fr\\\/les-actus-du-7au-13-juillet\\\/\"},\"wordCount\":426,\"publisher\":{\"@id\":\"https:\\\/\\\/www.france-etalons.com\\\/fr\\\/#organization\"},\"image\":{\"@id\":\"https:\\\/\\\/www.france-etalons.com\\\/fr\\\/les-actus-du-7au-13-juillet\\\/#primaryimage\"},\"thumbnailUrl\":\"https:\\\/\\\/www.france-etalons.com\\\/wp-content\\\/uploads\\\/2025\\\/07\\\/FE_RS_POST_NEWS_2025-ok-scaled.jpg\",\"keywords\":[\"BY CERA D'ICK\",\"CASALL\",\"CHROME D'IVRAIE\",\"COCKTAIL DE TALMA\",\"DUCATI VAN SCHUTTERSHOF\",\"KEOPS DE TALMA\"],\"articleSection\":[\"Actualit\u00e9\"],\"inLanguage\":\"fr-FR\"},{\"@type\":\"WebPage\",\"@id\":\"https:\\\/\\\/www.france-etalons.com\\\/fr\\\/les-actus-du-7au-13-juillet\\\/\",\"url\":\"https:\\\/\\\/www.france-etalons.com\\\/fr\\\/les-actus-du-7au-13-juillet\\\/\",\"name\":\"Les actus du 7 au 13 juillet - France \u00c9talons\",\"isPartOf\":{\"@id\":\"https:\\\/\\\/www.france-etalons.com\\\/fr\\\/#website\"},\"primaryImageOfPage\":{\"@id\":\"https:\\\/\\\/www.france-etalons.com\\\/fr\\\/les-actus-du-7au-13-juillet\\\/#primaryimage\"},\"image\":{\"@id\":\"https:\\\/\\\/www.france-etalons.com\\\/fr\\\/les-actus-du-7au-13-juillet\\\/#primaryimage\"},\"thumbnailUrl\":\"https:\\\/\\\/www.france-etalons.com\\\/wp-content\\\/uploads\\\/2025\\\/07\\\/FE_RS_POST_NEWS_2025-ok-scaled.jpg\",\"datePublished\":\"2025-07-15T14:42:32+00:00\",\"dateModified\":\"2026-03-24T07:57:38+00:00\",\"breadcrumb\":{\"@id\":\"https:\\\/\\\/www.france-etalons.com\\\/fr\\\/les-actus-du-7au-13-juillet\\\/#breadcrumb\"},\"inLanguage\":\"fr-FR\",\"potentialAction\":[{\"@type\":\"ReadAction\",\"target\":[\"https:\\\/\\\/www.france-etalons.com\\\/fr\\\/les-actus-du-7au-13-juillet\\\/\"]}]},{\"@type\":\"ImageObject\",\"inLanguage\":\"fr-FR\",\"@id\":\"https:\\\/\\\/www.france-etalons.com\\\/fr\\\/les-actus-du-7au-13-juillet\\\/#primaryimage\",\"url\":\"https:\\\/\\\/www.france-etalons.com\\\/wp-content\\\/uploads\\\/2025\\\/07\\\/FE_RS_POST_NEWS_2025-ok-scaled.jpg\",\"contentUrl\":\"https:\\\/\\\/www.france-etalons.com\\\/wp-content\\\/uploads\\\/2025\\\/07\\\/FE_RS_POST_NEWS_2025-ok-scaled.jpg\",\"width\":2048,\"height\":2560},{\"@type\":\"BreadcrumbList\",\"@id\":\"https:\\\/\\\/www.france-etalons.com\\\/fr\\\/les-actus-du-7au-13-juillet\\\/#breadcrumb\",\"itemListElement\":[{\"@type\":\"ListItem\",\"position\":1,\"name\":\"Accueil\",\"item\":\"https:\\\/\\\/www.france-etalons.com\\\/fr\\\/\"},{\"@type\":\"ListItem\",\"position\":2,\"name\":\"Les actus du 7 au 13 juillet\"}]},{\"@type\":\"WebSite\",\"@id\":\"https:\\\/\\\/www.france-etalons.com\\\/fr\\\/#website\",\"url\":\"https:\\\/\\\/www.france-etalons.com\\\/fr\\\/\",\"name\":\"France \u00c9talons\",\"description\":\"\",\"publisher\":{\"@id\":\"https:\\\/\\\/www.france-etalons.com\\\/fr\\\/#organization\"},\"potentialAction\":[{\"@type\":\"SearchAction\",\"target\":{\"@type\":\"EntryPoint\",\"urlTemplate\":\"https:\\\/\\\/www.france-etalons.com\\\/fr\\\/?s={search_term_string}\"},\"query-input\":{\"@type\":\"PropertyValueSpecification\",\"valueRequired\":true,\"valueName\":\"search_term_string\"}}],\"inLanguage\":\"fr-FR\"},{\"@type\":\"Organization\",\"@id\":\"https:\\\/\\\/www.france-etalons.com\\\/fr\\\/#organization\",\"name\":\"France \u00c9talons\",\"url\":\"https:\\\/\\\/www.france-etalons.com\\\/fr\\\/\",\"logo\":{\"@type\":\"ImageObject\",\"inLanguage\":\"fr-FR\",\"@id\":\"https:\\\/\\\/www.france-etalons.com\\\/fr\\\/#\\\/schema\\\/logo\\\/image\\\/\",\"url\":\"https:\\\/\\\/www.france-etalons.com\\\/wp-content\\\/uploads\\\/2023\\\/12\\\/logo_france_etalon.svg\",\"contentUrl\":\"https:\\\/\\\/www.france-etalons.com\\\/wp-content\\\/uploads\\\/2023\\\/12\\\/logo_france_etalon.svg\",\"width\":94,\"height\":64,\"caption\":\"France \u00c9talons\"},\"image\":{\"@id\":\"https:\\\/\\\/www.france-etalons.com\\\/fr\\\/#\\\/schema\\\/logo\\\/image\\\/\"}},{\"@type\":\"Person\",\"@id\":\"https:\\\/\\\/www.france-etalons.com\\\/fr\\\/#\\\/schema\\\/person\\\/5df4f324aba2d037526a1b167d3517bf\",\"name\":\"Communication\",\"image\":{\"@type\":\"ImageObject\",\"inLanguage\":\"fr-FR\",\"@id\":\"https:\\\/\\\/secure.gravatar.com\\\/avatar\\\/e437af93e394f6e22708a79dbb60db3be93324f61f0c422730f5310bb10d742a?s=96&d=mm&r=g\",\"url\":\"https:\\\/\\\/secure.gravatar.com\\\/avatar\\\/e437af93e394f6e22708a79dbb60db3be93324f61f0c422730f5310bb10d742a?s=96&d=mm&r=g\",\"contentUrl\":\"https:\\\/\\\/secure.gravatar.com\\\/avatar\\\/e437af93e394f6e22708a79dbb60db3be93324f61f0c422730f5310bb10d742a?s=96&d=mm&r=g\",\"caption\":\"Communication\"},\"url\":\"https:\\\/\\\/www.france-etalons.com\\\/fr\\\/author\\\/communication\\\/\"}]}<\/script>\n<!-- \/ Yoast SEO plugin. -->","yoast_head_json":{"title":"Les actus du 7 au 13 juillet - France \u00c9talons","robots":{"index":"index","follow":"follow","max-snippet":"max-snippet:-1","max-image-preview":"max-image-preview:large","max-video-preview":"max-video-preview:-1"},"canonical":"https:\/\/www.france-etalons.com\/fr\/les-actus-du-7au-13-juillet\/","og_locale":"fr_FR","og_type":"article","og_title":"Les actus du 7 au 13 juillet - France \u00c9talons","og_description":"D\u00e9couvrez quelques-unes des performances marquantes des derniers jours.&nbsp; NOS \u00c9TALONS Notre jeune KEOPS DE TALMA (BY CERA D\u2019ICK x Quaprice) est double sans faute dans les cycles classiques 5 ans de Rosi\u00e8res aux Salines. INDIGO DE TALMA signe un tr\u00e8s beau parcours sans faute aux obstacles dans le GP 1,40m TOP 7 de La Haye [&hellip;]","og_url":"https:\/\/www.france-etalons.com\/fr\/les-actus-du-7au-13-juillet\/","og_site_name":"France \u00c9talons","article_published_time":"2025-07-15T14:42:32+00:00","article_modified_time":"2026-03-24T07:57:38+00:00","og_image":[{"width":2048,"height":2560,"url":"https:\/\/www.france-etalons.com\/wp-content\/uploads\/2025\/07\/FE_RS_POST_NEWS_2025-ok-scaled.jpg","type":"image\/jpeg"}],"author":"Communication","twitter_card":"summary_large_image","schema":{"@context":"https:\/\/schema.org","@graph":[{"@type":"Article","@id":"https:\/\/www.france-etalons.com\/fr\/les-actus-du-7au-13-juillet\/#article","isPartOf":{"@id":"https:\/\/www.france-etalons.com\/fr\/les-actus-du-7au-13-juillet\/"},"author":{"name":"Communication","@id":"https:\/\/www.france-etalons.com\/fr\/#\/schema\/person\/5df4f324aba2d037526a1b167d3517bf"},"headline":"Les actus du 7 au 13 juillet","datePublished":"2025-07-15T14:42:32+00:00","dateModified":"2026-03-24T07:57:38+00:00","mainEntityOfPage":{"@id":"https:\/\/www.france-etalons.com\/fr\/les-actus-du-7au-13-juillet\/"},"wordCount":426,"publisher":{"@id":"https:\/\/www.france-etalons.com\/fr\/#organization"},"image":{"@id":"https:\/\/www.france-etalons.com\/fr\/les-actus-du-7au-13-juillet\/#primaryimage"},"thumbnailUrl":"https:\/\/www.france-etalons.com\/wp-content\/uploads\/2025\/07\/FE_RS_POST_NEWS_2025-ok-scaled.jpg","keywords":["BY CERA D'ICK","CASALL","CHROME D'IVRAIE","COCKTAIL DE TALMA","DUCATI VAN SCHUTTERSHOF","KEOPS DE TALMA"],"articleSection":["Actualit\u00e9"],"inLanguage":"fr-FR"},{"@type":"WebPage","@id":"https:\/\/www.france-etalons.com\/fr\/les-actus-du-7au-13-juillet\/","url":"https:\/\/www.france-etalons.com\/fr\/les-actus-du-7au-13-juillet\/","name":"Les actus du 7 au 13 juillet - France \u00c9talons","isPartOf":{"@id":"https:\/\/www.france-etalons.com\/fr\/#website"},"primaryImageOfPage":{"@id":"https:\/\/www.france-etalons.com\/fr\/les-actus-du-7au-13-juillet\/#primaryimage"},"image":{"@id":"https:\/\/www.france-etalons.com\/fr\/les-actus-du-7au-13-juillet\/#primaryimage"},"thumbnailUrl":"https:\/\/www.france-etalons.com\/wp-content\/uploads\/2025\/07\/FE_RS_POST_NEWS_2025-ok-scaled.jpg","datePublished":"2025-07-15T14:42:32+00:00","dateModified":"2026-03-24T07:57:38+00:00","breadcrumb":{"@id":"https:\/\/www.france-etalons.com\/fr\/les-actus-du-7au-13-juillet\/#breadcrumb"},"inLanguage":"fr-FR","potentialAction":[{"@type":"ReadAction","target":["https:\/\/www.france-etalons.com\/fr\/les-actus-du-7au-13-juillet\/"]}]},{"@type":"ImageObject","inLanguage":"fr-FR","@id":"https:\/\/www.france-etalons.com\/fr\/les-actus-du-7au-13-juillet\/#primaryimage","url":"https:\/\/www.france-etalons.com\/wp-content\/uploads\/2025\/07\/FE_RS_POST_NEWS_2025-ok-scaled.jpg","contentUrl":"https:\/\/www.france-etalons.com\/wp-content\/uploads\/2025\/07\/FE_RS_POST_NEWS_2025-ok-scaled.jpg","width":2048,"height":2560},{"@type":"BreadcrumbList","@id":"https:\/\/www.france-etalons.com\/fr\/les-actus-du-7au-13-juillet\/#breadcrumb","itemListElement":[{"@type":"ListItem","position":1,"name":"Accueil","item":"https:\/\/www.france-etalons.com\/fr\/"},{"@type":"ListItem","position":2,"name":"Les actus du 7 au 13 juillet"}]},{"@type":"WebSite","@id":"https:\/\/www.france-etalons.com\/fr\/#website","url":"https:\/\/www.france-etalons.com\/fr\/","name":"France \u00c9talons","description":"","publisher":{"@id":"https:\/\/www.france-etalons.com\/fr\/#organization"},"potentialAction":[{"@type":"SearchAction","target":{"@type":"EntryPoint","urlTemplate":"https:\/\/www.france-etalons.com\/fr\/?s={search_term_string}"},"query-input":{"@type":"PropertyValueSpecification","valueRequired":true,"valueName":"search_term_string"}}],"inLanguage":"fr-FR"},{"@type":"Organization","@id":"https:\/\/www.france-etalons.com\/fr\/#organization","name":"France \u00c9talons","url":"https:\/\/www.france-etalons.com\/fr\/","logo":{"@type":"ImageObject","inLanguage":"fr-FR","@id":"https:\/\/www.france-etalons.com\/fr\/#\/schema\/logo\/image\/","url":"https:\/\/www.france-etalons.com\/wp-content\/uploads\/2023\/12\/logo_france_etalon.svg","contentUrl":"https:\/\/www.france-etalons.com\/wp-content\/uploads\/2023\/12\/logo_france_etalon.svg","width":94,"height":64,"caption":"France \u00c9talons"},"image":{"@id":"https:\/\/www.france-etalons.com\/fr\/#\/schema\/logo\/image\/"}},{"@type":"Person","@id":"https:\/\/www.france-etalons.com\/fr\/#\/schema\/person\/5df4f324aba2d037526a1b167d3517bf","name":"Communication","image":{"@type":"ImageObject","inLanguage":"fr-FR","@id":"https:\/\/secure.gravatar.com\/avatar\/e437af93e394f6e22708a79dbb60db3be93324f61f0c422730f5310bb10d742a?s=96&d=mm&r=g","url":"https:\/\/secure.gravatar.com\/avatar\/e437af93e394f6e22708a79dbb60db3be93324f61f0c422730f5310bb10d742a?s=96&d=mm&r=g","contentUrl":"https:\/\/secure.gravatar.com\/avatar\/e437af93e394f6e22708a79dbb60db3be93324f61f0c422730f5310bb10d742a?s=96&d=mm&r=g","caption":"Communication"},"url":"https:\/\/www.france-etalons.com\/fr\/author\/communication\/"}]}},"_links":{"self":[{"href":"https:\/\/www.france-etalons.com\/fr\/wp-json\/wp\/v2\/posts\/5549","targetHints":{"allow":["GET"]}}],"collection":[{"href":"https:\/\/www.france-etalons.com\/fr\/wp-json\/wp\/v2\/posts"}],"about":[{"href":"https:\/\/www.france-etalons.com\/fr\/wp-json\/wp\/v2\/types\/post"}],"author":[{"embeddable":true,"href":"https:\/\/www.france-etalons.com\/fr\/wp-json\/wp\/v2\/users\/4"}],"replies":[{"embeddable":true,"href":"https:\/\/www.france-etalons.com\/fr\/wp-json\/wp\/v2\/comments?post=5549"}],"version-history":[{"count":20,"href":"https:\/\/www.france-etalons.com\/fr\/wp-json\/wp\/v2\/posts\/5549\/revisions"}],"predecessor-version":[{"id":5578,"href":"https:\/\/www.france-etalons.com\/fr\/wp-json\/wp\/v2\/posts\/5549\/revisions\/5578"}],"wp:featuredmedia":[{"embeddable":true,"href":"https:\/\/www.france-etalons.com\/fr\/wp-json\/wp\/v2\/media\/5571"}],"wp:attachment":[{"href":"https:\/\/www.france-etalons.com\/fr\/wp-json\/wp\/v2\/media?parent=5549"}],"wp:term":[{"taxonomy":"category","embeddable":true,"href":"https:\/\/www.france-etalons.com\/fr\/wp-json\/wp\/v2\/categories?post=5549"},{"taxonomy":"post_tag","embeddable":true,"href":"https:\/\/www.france-etalons.com\/fr\/wp-json\/wp\/v2\/tags?post=5549"}],"curies":[{"name":"wp","href":"https:\/\/api.w.org\/{rel}","templated":true}]}}