{"id":5004,"date":"2025-04-07T11:23:49","date_gmt":"2025-04-07T09:23:49","guid":{"rendered":"https:\/\/www.france-etalons.com\/?p=5004"},"modified":"2026-03-24T08:57:54","modified_gmt":"2026-03-24T07:57:54","slug":"%f0%9d%90%91%f0%9d%90%94%f0%9d%90%81%f0%9d%90%84%f0%9d%90%8d%f0%9d%90%92-%f0%9d%90%8b%f0%9d%90%92-%f0%9d%90%8b%f0%9d%90%80-%f0%9d%90%92%f0%9d%90%88%f0%9d%90%8b%f0%9d%90%8b%f0%9d%90%80-en-frais-au-hara","status":"publish","type":"post","link":"https:\/\/www.france-etalons.com\/fr\/%f0%9d%90%91%f0%9d%90%94%f0%9d%90%81%f0%9d%90%84%f0%9d%90%8d%f0%9d%90%92-%f0%9d%90%8b%f0%9d%90%92-%f0%9d%90%8b%f0%9d%90%80-%f0%9d%90%92%f0%9d%90%88%f0%9d%90%8b%f0%9d%90%8b%f0%9d%90%80-en-frais-au-hara\/","title":{"rendered":"\ud835\udc11\ud835\udc14\ud835\udc01\ud835\udc04\ud835\udc0d\ud835\udc12 \ud835\udc0b\ud835\udc12 \ud835\udc0b\ud835\udc00 \ud835\udc12\ud835\udc08\ud835\udc0b\ud835\udc0b\ud835\udc00 en frais au Haras de Talma"},"content":{"rendered":"\n<p>Grand performer international sous la selle de Conor Swail puis Denis Lynch, \ud835\udc11\ud835\udc14\ud835\udc01\ud835\udc04\ud835\udc0d\ud835\udc12 s\u2019est illustr\u00e9 jusqu\u2019en 1,60m avec plusieurs victoires \u00e0 son actif (La Corogne, Tryon, Vancouver) et plus de 800 000 \u20ac de gains.\u00a0<\/p>\n\n\n\n<p>Son p\u00e8re REBOZO est 4\u00e8me des WEG de Lexington avec Rodrigo Pessoa. Sa m\u00e8re CHANEL 149 a particip\u00e9 aux JO d\u2019Ath\u00e8nes et a \u00e9galement produit PRESTIGIO LS LA SILLA, mont\u00e9 par Philippe Rozier.<\/p>\n\n\n\n<p>Ses premiers produits montrent d\u00e9j\u00e0 de belles aptitudes, \u00e0 l\u2019image de RUSTICA LS, performante jusqu\u2019en 1,50m.<\/p>\n\n\n\n<p>Cheval volontaire, respectueux et dot\u00e9 d\u2019une excellente technique de saut, il transmet de gros moyens \u00e0 sa descendance.&nbsp;<img loading=\"lazy\" decoding=\"async\" height=\"16\" width=\"16\" alt=\"\ud83e\udd29\" src=\"https:\/\/static.xx.fbcdn.net\/images\/emoji.php\/v9\/tf7\/2\/16\/1f929.png\"><\/p>\n\n\n\n<p>\ud835\udc11\ud835\udc14\ud835\udc01\ud835\udc04\ud835\udc0d\ud835\udc12 \ud835\udc0b\ud835\udc12 \ud835\udc0b\ud835\udc00 \ud835\udc12\ud835\udc08\ud835\udc0b\ud835\udc0b\ud835\udc00 est disponible en semence fra\u00eeche au Haras de Talma, ainsi qu\u2019en semence r\u00e9frig\u00e9r\u00e9e et congel\u00e9e.<\/p>\n","protected":false},"excerpt":{"rendered":"<p>Grand performer international sous la selle de Conor Swail puis Denis Lynch, \ud835\udc11\ud835\udc14\ud835\udc01\ud835\udc04\ud835\udc0d\ud835\udc12 s\u2019est illustr\u00e9 jusqu\u2019en 1,60m avec plusieurs victoires \u00e0 son actif (La Corogne, Tryon, Vancouver) et plus de 800 000 \u20ac de gains.\u00a0 Son p\u00e8re REBOZO est 4\u00e8me des WEG de Lexington avec Rodrigo Pessoa. Sa m\u00e8re CHANEL 149 a particip\u00e9 aux JO [&hellip;]<\/p>\n","protected":false},"author":4,"featured_media":5005,"comment_status":"closed","ping_status":"open","sticky":false,"template":"","format":"standard","meta":{"_acf_changed":false,"inline_featured_image":false,"footnotes":""},"categories":[11],"tags":[163],"class_list":["post-5004","post","type-post","status-publish","format-standard","has-post-thumbnail","hentry","category-actualite","tag-163"],"acf":[],"yoast_head":"<!-- This site is optimized with the Yoast SEO plugin v27.3 - https:\/\/yoast.com\/product\/yoast-seo-wordpress\/ -->\n<title>\ud835\udc11\ud835\udc14\ud835\udc01\ud835\udc04\ud835\udc0d\ud835\udc12 \ud835\udc0b\ud835\udc12 \ud835\udc0b\ud835\udc00 \ud835\udc12\ud835\udc08\ud835\udc0b\ud835\udc0b\ud835\udc00 en frais au Haras de Talma - France \u00c9talons<\/title>\n<meta name=\"robots\" content=\"index, follow, max-snippet:-1, max-image-preview:large, max-video-preview:-1\" \/>\n<link rel=\"canonical\" href=\"https:\/\/www.france-etalons.com\/fr\/%f0%9d%90%91%f0%9d%90%94%f0%9d%90%81%f0%9d%90%84%f0%9d%90%8d%f0%9d%90%92-%f0%9d%90%8b%f0%9d%90%92-%f0%9d%90%8b%f0%9d%90%80-%f0%9d%90%92%f0%9d%90%88%f0%9d%90%8b%f0%9d%90%8b%f0%9d%90%80-en-frais-au-hara\/\" \/>\n<meta property=\"og:locale\" content=\"fr_FR\" \/>\n<meta property=\"og:type\" content=\"article\" \/>\n<meta property=\"og:title\" content=\"\ud835\udc11\ud835\udc14\ud835\udc01\ud835\udc04\ud835\udc0d\ud835\udc12 \ud835\udc0b\ud835\udc12 \ud835\udc0b\ud835\udc00 \ud835\udc12\ud835\udc08\ud835\udc0b\ud835\udc0b\ud835\udc00 en frais au Haras de Talma - France \u00c9talons\" \/>\n<meta property=\"og:description\" content=\"Grand performer international sous la selle de Conor Swail puis Denis Lynch, \ud835\udc11\ud835\udc14\ud835\udc01\ud835\udc04\ud835\udc0d\ud835\udc12 s\u2019est illustr\u00e9 jusqu\u2019en 1,60m avec plusieurs victoires \u00e0 son actif (La Corogne, Tryon, Vancouver) et plus de 800 000 \u20ac de gains.\u00a0 Son p\u00e8re REBOZO est 4\u00e8me des WEG de Lexington avec Rodrigo Pessoa. Sa m\u00e8re CHANEL 149 a particip\u00e9 aux JO [&hellip;]\" \/>\n<meta property=\"og:url\" content=\"https:\/\/www.france-etalons.com\/fr\/%f0%9d%90%91%f0%9d%90%94%f0%9d%90%81%f0%9d%90%84%f0%9d%90%8d%f0%9d%90%92-%f0%9d%90%8b%f0%9d%90%92-%f0%9d%90%8b%f0%9d%90%80-%f0%9d%90%92%f0%9d%90%88%f0%9d%90%8b%f0%9d%90%8b%f0%9d%90%80-en-frais-au-hara\/\" \/>\n<meta property=\"og:site_name\" content=\"France \u00c9talons\" \/>\n<meta property=\"article:published_time\" content=\"2025-04-07T09:23:49+00:00\" \/>\n<meta property=\"article:modified_time\" content=\"2026-03-24T07:57:54+00:00\" \/>\n<meta property=\"og:image\" content=\"https:\/\/www.france-etalons.com\/wp-content\/uploads\/2025\/04\/487562995_1193455826114965_7543358926856496866_n.jpg\" \/>\n\t<meta property=\"og:image:width\" content=\"1152\" \/>\n\t<meta property=\"og:image:height\" content=\"1440\" \/>\n\t<meta property=\"og:image:type\" content=\"image\/jpeg\" \/>\n<meta name=\"author\" content=\"Communication\" \/>\n<meta name=\"twitter:card\" content=\"summary_large_image\" \/>\n<script type=\"application\/ld+json\" class=\"yoast-schema-graph\">{\"@context\":\"https:\\\/\\\/schema.org\",\"@graph\":[{\"@type\":\"Article\",\"@id\":\"https:\\\/\\\/www.france-etalons.com\\\/fr\\\/%f0%9d%90%91%f0%9d%90%94%f0%9d%90%81%f0%9d%90%84%f0%9d%90%8d%f0%9d%90%92-%f0%9d%90%8b%f0%9d%90%92-%f0%9d%90%8b%f0%9d%90%80-%f0%9d%90%92%f0%9d%90%88%f0%9d%90%8b%f0%9d%90%8b%f0%9d%90%80-en-frais-au-hara\\\/#article\",\"isPartOf\":{\"@id\":\"https:\\\/\\\/www.france-etalons.com\\\/fr\\\/%f0%9d%90%91%f0%9d%90%94%f0%9d%90%81%f0%9d%90%84%f0%9d%90%8d%f0%9d%90%92-%f0%9d%90%8b%f0%9d%90%92-%f0%9d%90%8b%f0%9d%90%80-%f0%9d%90%92%f0%9d%90%88%f0%9d%90%8b%f0%9d%90%8b%f0%9d%90%80-en-frais-au-hara\\\/\"},\"author\":{\"name\":\"Communication\",\"@id\":\"https:\\\/\\\/www.france-etalons.com\\\/fr\\\/#\\\/schema\\\/person\\\/5df4f324aba2d037526a1b167d3517bf\"},\"headline\":\"\ud835\udc11\ud835\udc14\ud835\udc01\ud835\udc04\ud835\udc0d\ud835\udc12 \ud835\udc0b\ud835\udc12 \ud835\udc0b\ud835\udc00 \ud835\udc12\ud835\udc08\ud835\udc0b\ud835\udc0b\ud835\udc00 en frais au Haras de Talma\",\"datePublished\":\"2025-04-07T09:23:49+00:00\",\"dateModified\":\"2026-03-24T07:57:54+00:00\",\"mainEntityOfPage\":{\"@id\":\"https:\\\/\\\/www.france-etalons.com\\\/fr\\\/%f0%9d%90%91%f0%9d%90%94%f0%9d%90%81%f0%9d%90%84%f0%9d%90%8d%f0%9d%90%92-%f0%9d%90%8b%f0%9d%90%92-%f0%9d%90%8b%f0%9d%90%80-%f0%9d%90%92%f0%9d%90%88%f0%9d%90%8b%f0%9d%90%8b%f0%9d%90%80-en-frais-au-hara\\\/\"},\"wordCount\":132,\"publisher\":{\"@id\":\"https:\\\/\\\/www.france-etalons.com\\\/fr\\\/#organization\"},\"image\":{\"@id\":\"https:\\\/\\\/www.france-etalons.com\\\/fr\\\/%f0%9d%90%91%f0%9d%90%94%f0%9d%90%81%f0%9d%90%84%f0%9d%90%8d%f0%9d%90%92-%f0%9d%90%8b%f0%9d%90%92-%f0%9d%90%8b%f0%9d%90%80-%f0%9d%90%92%f0%9d%90%88%f0%9d%90%8b%f0%9d%90%8b%f0%9d%90%80-en-frais-au-hara\\\/#primaryimage\"},\"thumbnailUrl\":\"https:\\\/\\\/www.france-etalons.com\\\/wp-content\\\/uploads\\\/2025\\\/04\\\/487562995_1193455826114965_7543358926856496866_n.jpg\",\"keywords\":[\"RUBENS LS\"],\"articleSection\":[\"Actualit\u00e9\"],\"inLanguage\":\"fr-FR\"},{\"@type\":\"WebPage\",\"@id\":\"https:\\\/\\\/www.france-etalons.com\\\/fr\\\/%f0%9d%90%91%f0%9d%90%94%f0%9d%90%81%f0%9d%90%84%f0%9d%90%8d%f0%9d%90%92-%f0%9d%90%8b%f0%9d%90%92-%f0%9d%90%8b%f0%9d%90%80-%f0%9d%90%92%f0%9d%90%88%f0%9d%90%8b%f0%9d%90%8b%f0%9d%90%80-en-frais-au-hara\\\/\",\"url\":\"https:\\\/\\\/www.france-etalons.com\\\/fr\\\/%f0%9d%90%91%f0%9d%90%94%f0%9d%90%81%f0%9d%90%84%f0%9d%90%8d%f0%9d%90%92-%f0%9d%90%8b%f0%9d%90%92-%f0%9d%90%8b%f0%9d%90%80-%f0%9d%90%92%f0%9d%90%88%f0%9d%90%8b%f0%9d%90%8b%f0%9d%90%80-en-frais-au-hara\\\/\",\"name\":\"\ud835\udc11\ud835\udc14\ud835\udc01\ud835\udc04\ud835\udc0d\ud835\udc12 \ud835\udc0b\ud835\udc12 \ud835\udc0b\ud835\udc00 \ud835\udc12\ud835\udc08\ud835\udc0b\ud835\udc0b\ud835\udc00 en frais au Haras de Talma - France \u00c9talons\",\"isPartOf\":{\"@id\":\"https:\\\/\\\/www.france-etalons.com\\\/fr\\\/#website\"},\"primaryImageOfPage\":{\"@id\":\"https:\\\/\\\/www.france-etalons.com\\\/fr\\\/%f0%9d%90%91%f0%9d%90%94%f0%9d%90%81%f0%9d%90%84%f0%9d%90%8d%f0%9d%90%92-%f0%9d%90%8b%f0%9d%90%92-%f0%9d%90%8b%f0%9d%90%80-%f0%9d%90%92%f0%9d%90%88%f0%9d%90%8b%f0%9d%90%8b%f0%9d%90%80-en-frais-au-hara\\\/#primaryimage\"},\"image\":{\"@id\":\"https:\\\/\\\/www.france-etalons.com\\\/fr\\\/%f0%9d%90%91%f0%9d%90%94%f0%9d%90%81%f0%9d%90%84%f0%9d%90%8d%f0%9d%90%92-%f0%9d%90%8b%f0%9d%90%92-%f0%9d%90%8b%f0%9d%90%80-%f0%9d%90%92%f0%9d%90%88%f0%9d%90%8b%f0%9d%90%8b%f0%9d%90%80-en-frais-au-hara\\\/#primaryimage\"},\"thumbnailUrl\":\"https:\\\/\\\/www.france-etalons.com\\\/wp-content\\\/uploads\\\/2025\\\/04\\\/487562995_1193455826114965_7543358926856496866_n.jpg\",\"datePublished\":\"2025-04-07T09:23:49+00:00\",\"dateModified\":\"2026-03-24T07:57:54+00:00\",\"breadcrumb\":{\"@id\":\"https:\\\/\\\/www.france-etalons.com\\\/fr\\\/%f0%9d%90%91%f0%9d%90%94%f0%9d%90%81%f0%9d%90%84%f0%9d%90%8d%f0%9d%90%92-%f0%9d%90%8b%f0%9d%90%92-%f0%9d%90%8b%f0%9d%90%80-%f0%9d%90%92%f0%9d%90%88%f0%9d%90%8b%f0%9d%90%8b%f0%9d%90%80-en-frais-au-hara\\\/#breadcrumb\"},\"inLanguage\":\"fr-FR\",\"potentialAction\":[{\"@type\":\"ReadAction\",\"target\":[\"https:\\\/\\\/www.france-etalons.com\\\/fr\\\/%f0%9d%90%91%f0%9d%90%94%f0%9d%90%81%f0%9d%90%84%f0%9d%90%8d%f0%9d%90%92-%f0%9d%90%8b%f0%9d%90%92-%f0%9d%90%8b%f0%9d%90%80-%f0%9d%90%92%f0%9d%90%88%f0%9d%90%8b%f0%9d%90%8b%f0%9d%90%80-en-frais-au-hara\\\/\"]}]},{\"@type\":\"ImageObject\",\"inLanguage\":\"fr-FR\",\"@id\":\"https:\\\/\\\/www.france-etalons.com\\\/fr\\\/%f0%9d%90%91%f0%9d%90%94%f0%9d%90%81%f0%9d%90%84%f0%9d%90%8d%f0%9d%90%92-%f0%9d%90%8b%f0%9d%90%92-%f0%9d%90%8b%f0%9d%90%80-%f0%9d%90%92%f0%9d%90%88%f0%9d%90%8b%f0%9d%90%8b%f0%9d%90%80-en-frais-au-hara\\\/#primaryimage\",\"url\":\"https:\\\/\\\/www.france-etalons.com\\\/wp-content\\\/uploads\\\/2025\\\/04\\\/487562995_1193455826114965_7543358926856496866_n.jpg\",\"contentUrl\":\"https:\\\/\\\/www.france-etalons.com\\\/wp-content\\\/uploads\\\/2025\\\/04\\\/487562995_1193455826114965_7543358926856496866_n.jpg\",\"width\":1152,\"height\":1440},{\"@type\":\"BreadcrumbList\",\"@id\":\"https:\\\/\\\/www.france-etalons.com\\\/fr\\\/%f0%9d%90%91%f0%9d%90%94%f0%9d%90%81%f0%9d%90%84%f0%9d%90%8d%f0%9d%90%92-%f0%9d%90%8b%f0%9d%90%92-%f0%9d%90%8b%f0%9d%90%80-%f0%9d%90%92%f0%9d%90%88%f0%9d%90%8b%f0%9d%90%8b%f0%9d%90%80-en-frais-au-hara\\\/#breadcrumb\",\"itemListElement\":[{\"@type\":\"ListItem\",\"position\":1,\"name\":\"Accueil\",\"item\":\"https:\\\/\\\/www.france-etalons.com\\\/fr\\\/\"},{\"@type\":\"ListItem\",\"position\":2,\"name\":\"\ud835\udc11\ud835\udc14\ud835\udc01\ud835\udc04\ud835\udc0d\ud835\udc12 \ud835\udc0b\ud835\udc12 \ud835\udc0b\ud835\udc00 \ud835\udc12\ud835\udc08\ud835\udc0b\ud835\udc0b\ud835\udc00 en frais au Haras de Talma\"}]},{\"@type\":\"WebSite\",\"@id\":\"https:\\\/\\\/www.france-etalons.com\\\/fr\\\/#website\",\"url\":\"https:\\\/\\\/www.france-etalons.com\\\/fr\\\/\",\"name\":\"France \u00c9talons\",\"description\":\"\",\"publisher\":{\"@id\":\"https:\\\/\\\/www.france-etalons.com\\\/fr\\\/#organization\"},\"potentialAction\":[{\"@type\":\"SearchAction\",\"target\":{\"@type\":\"EntryPoint\",\"urlTemplate\":\"https:\\\/\\\/www.france-etalons.com\\\/fr\\\/?s={search_term_string}\"},\"query-input\":{\"@type\":\"PropertyValueSpecification\",\"valueRequired\":true,\"valueName\":\"search_term_string\"}}],\"inLanguage\":\"fr-FR\"},{\"@type\":\"Organization\",\"@id\":\"https:\\\/\\\/www.france-etalons.com\\\/fr\\\/#organization\",\"name\":\"France \u00c9talons\",\"url\":\"https:\\\/\\\/www.france-etalons.com\\\/fr\\\/\",\"logo\":{\"@type\":\"ImageObject\",\"inLanguage\":\"fr-FR\",\"@id\":\"https:\\\/\\\/www.france-etalons.com\\\/fr\\\/#\\\/schema\\\/logo\\\/image\\\/\",\"url\":\"https:\\\/\\\/www.france-etalons.com\\\/wp-content\\\/uploads\\\/2023\\\/12\\\/logo_france_etalon.svg\",\"contentUrl\":\"https:\\\/\\\/www.france-etalons.com\\\/wp-content\\\/uploads\\\/2023\\\/12\\\/logo_france_etalon.svg\",\"width\":94,\"height\":64,\"caption\":\"France \u00c9talons\"},\"image\":{\"@id\":\"https:\\\/\\\/www.france-etalons.com\\\/fr\\\/#\\\/schema\\\/logo\\\/image\\\/\"}},{\"@type\":\"Person\",\"@id\":\"https:\\\/\\\/www.france-etalons.com\\\/fr\\\/#\\\/schema\\\/person\\\/5df4f324aba2d037526a1b167d3517bf\",\"name\":\"Communication\",\"image\":{\"@type\":\"ImageObject\",\"inLanguage\":\"fr-FR\",\"@id\":\"https:\\\/\\\/secure.gravatar.com\\\/avatar\\\/e437af93e394f6e22708a79dbb60db3be93324f61f0c422730f5310bb10d742a?s=96&d=mm&r=g\",\"url\":\"https:\\\/\\\/secure.gravatar.com\\\/avatar\\\/e437af93e394f6e22708a79dbb60db3be93324f61f0c422730f5310bb10d742a?s=96&d=mm&r=g\",\"contentUrl\":\"https:\\\/\\\/secure.gravatar.com\\\/avatar\\\/e437af93e394f6e22708a79dbb60db3be93324f61f0c422730f5310bb10d742a?s=96&d=mm&r=g\",\"caption\":\"Communication\"},\"url\":\"https:\\\/\\\/www.france-etalons.com\\\/fr\\\/author\\\/communication\\\/\"}]}<\/script>\n<!-- \/ Yoast SEO plugin. -->","yoast_head_json":{"title":"\ud835\udc11\ud835\udc14\ud835\udc01\ud835\udc04\ud835\udc0d\ud835\udc12 \ud835\udc0b\ud835\udc12 \ud835\udc0b\ud835\udc00 \ud835\udc12\ud835\udc08\ud835\udc0b\ud835\udc0b\ud835\udc00 en frais au Haras de Talma - France \u00c9talons","robots":{"index":"index","follow":"follow","max-snippet":"max-snippet:-1","max-image-preview":"max-image-preview:large","max-video-preview":"max-video-preview:-1"},"canonical":"https:\/\/www.france-etalons.com\/fr\/%f0%9d%90%91%f0%9d%90%94%f0%9d%90%81%f0%9d%90%84%f0%9d%90%8d%f0%9d%90%92-%f0%9d%90%8b%f0%9d%90%92-%f0%9d%90%8b%f0%9d%90%80-%f0%9d%90%92%f0%9d%90%88%f0%9d%90%8b%f0%9d%90%8b%f0%9d%90%80-en-frais-au-hara\/","og_locale":"fr_FR","og_type":"article","og_title":"\ud835\udc11\ud835\udc14\ud835\udc01\ud835\udc04\ud835\udc0d\ud835\udc12 \ud835\udc0b\ud835\udc12 \ud835\udc0b\ud835\udc00 \ud835\udc12\ud835\udc08\ud835\udc0b\ud835\udc0b\ud835\udc00 en frais au Haras de Talma - France \u00c9talons","og_description":"Grand performer international sous la selle de Conor Swail puis Denis Lynch, \ud835\udc11\ud835\udc14\ud835\udc01\ud835\udc04\ud835\udc0d\ud835\udc12 s\u2019est illustr\u00e9 jusqu\u2019en 1,60m avec plusieurs victoires \u00e0 son actif (La Corogne, Tryon, Vancouver) et plus de 800 000 \u20ac de gains.\u00a0 Son p\u00e8re REBOZO est 4\u00e8me des WEG de Lexington avec Rodrigo Pessoa. Sa m\u00e8re CHANEL 149 a particip\u00e9 aux JO [&hellip;]","og_url":"https:\/\/www.france-etalons.com\/fr\/%f0%9d%90%91%f0%9d%90%94%f0%9d%90%81%f0%9d%90%84%f0%9d%90%8d%f0%9d%90%92-%f0%9d%90%8b%f0%9d%90%92-%f0%9d%90%8b%f0%9d%90%80-%f0%9d%90%92%f0%9d%90%88%f0%9d%90%8b%f0%9d%90%8b%f0%9d%90%80-en-frais-au-hara\/","og_site_name":"France \u00c9talons","article_published_time":"2025-04-07T09:23:49+00:00","article_modified_time":"2026-03-24T07:57:54+00:00","og_image":[{"width":1152,"height":1440,"url":"https:\/\/www.france-etalons.com\/wp-content\/uploads\/2025\/04\/487562995_1193455826114965_7543358926856496866_n.jpg","type":"image\/jpeg"}],"author":"Communication","twitter_card":"summary_large_image","schema":{"@context":"https:\/\/schema.org","@graph":[{"@type":"Article","@id":"https:\/\/www.france-etalons.com\/fr\/%f0%9d%90%91%f0%9d%90%94%f0%9d%90%81%f0%9d%90%84%f0%9d%90%8d%f0%9d%90%92-%f0%9d%90%8b%f0%9d%90%92-%f0%9d%90%8b%f0%9d%90%80-%f0%9d%90%92%f0%9d%90%88%f0%9d%90%8b%f0%9d%90%8b%f0%9d%90%80-en-frais-au-hara\/#article","isPartOf":{"@id":"https:\/\/www.france-etalons.com\/fr\/%f0%9d%90%91%f0%9d%90%94%f0%9d%90%81%f0%9d%90%84%f0%9d%90%8d%f0%9d%90%92-%f0%9d%90%8b%f0%9d%90%92-%f0%9d%90%8b%f0%9d%90%80-%f0%9d%90%92%f0%9d%90%88%f0%9d%90%8b%f0%9d%90%8b%f0%9d%90%80-en-frais-au-hara\/"},"author":{"name":"Communication","@id":"https:\/\/www.france-etalons.com\/fr\/#\/schema\/person\/5df4f324aba2d037526a1b167d3517bf"},"headline":"\ud835\udc11\ud835\udc14\ud835\udc01\ud835\udc04\ud835\udc0d\ud835\udc12 \ud835\udc0b\ud835\udc12 \ud835\udc0b\ud835\udc00 \ud835\udc12\ud835\udc08\ud835\udc0b\ud835\udc0b\ud835\udc00 en frais au Haras de Talma","datePublished":"2025-04-07T09:23:49+00:00","dateModified":"2026-03-24T07:57:54+00:00","mainEntityOfPage":{"@id":"https:\/\/www.france-etalons.com\/fr\/%f0%9d%90%91%f0%9d%90%94%f0%9d%90%81%f0%9d%90%84%f0%9d%90%8d%f0%9d%90%92-%f0%9d%90%8b%f0%9d%90%92-%f0%9d%90%8b%f0%9d%90%80-%f0%9d%90%92%f0%9d%90%88%f0%9d%90%8b%f0%9d%90%8b%f0%9d%90%80-en-frais-au-hara\/"},"wordCount":132,"publisher":{"@id":"https:\/\/www.france-etalons.com\/fr\/#organization"},"image":{"@id":"https:\/\/www.france-etalons.com\/fr\/%f0%9d%90%91%f0%9d%90%94%f0%9d%90%81%f0%9d%90%84%f0%9d%90%8d%f0%9d%90%92-%f0%9d%90%8b%f0%9d%90%92-%f0%9d%90%8b%f0%9d%90%80-%f0%9d%90%92%f0%9d%90%88%f0%9d%90%8b%f0%9d%90%8b%f0%9d%90%80-en-frais-au-hara\/#primaryimage"},"thumbnailUrl":"https:\/\/www.france-etalons.com\/wp-content\/uploads\/2025\/04\/487562995_1193455826114965_7543358926856496866_n.jpg","keywords":["RUBENS LS"],"articleSection":["Actualit\u00e9"],"inLanguage":"fr-FR"},{"@type":"WebPage","@id":"https:\/\/www.france-etalons.com\/fr\/%f0%9d%90%91%f0%9d%90%94%f0%9d%90%81%f0%9d%90%84%f0%9d%90%8d%f0%9d%90%92-%f0%9d%90%8b%f0%9d%90%92-%f0%9d%90%8b%f0%9d%90%80-%f0%9d%90%92%f0%9d%90%88%f0%9d%90%8b%f0%9d%90%8b%f0%9d%90%80-en-frais-au-hara\/","url":"https:\/\/www.france-etalons.com\/fr\/%f0%9d%90%91%f0%9d%90%94%f0%9d%90%81%f0%9d%90%84%f0%9d%90%8d%f0%9d%90%92-%f0%9d%90%8b%f0%9d%90%92-%f0%9d%90%8b%f0%9d%90%80-%f0%9d%90%92%f0%9d%90%88%f0%9d%90%8b%f0%9d%90%8b%f0%9d%90%80-en-frais-au-hara\/","name":"\ud835\udc11\ud835\udc14\ud835\udc01\ud835\udc04\ud835\udc0d\ud835\udc12 \ud835\udc0b\ud835\udc12 \ud835\udc0b\ud835\udc00 \ud835\udc12\ud835\udc08\ud835\udc0b\ud835\udc0b\ud835\udc00 en frais au Haras de Talma - France \u00c9talons","isPartOf":{"@id":"https:\/\/www.france-etalons.com\/fr\/#website"},"primaryImageOfPage":{"@id":"https:\/\/www.france-etalons.com\/fr\/%f0%9d%90%91%f0%9d%90%94%f0%9d%90%81%f0%9d%90%84%f0%9d%90%8d%f0%9d%90%92-%f0%9d%90%8b%f0%9d%90%92-%f0%9d%90%8b%f0%9d%90%80-%f0%9d%90%92%f0%9d%90%88%f0%9d%90%8b%f0%9d%90%8b%f0%9d%90%80-en-frais-au-hara\/#primaryimage"},"image":{"@id":"https:\/\/www.france-etalons.com\/fr\/%f0%9d%90%91%f0%9d%90%94%f0%9d%90%81%f0%9d%90%84%f0%9d%90%8d%f0%9d%90%92-%f0%9d%90%8b%f0%9d%90%92-%f0%9d%90%8b%f0%9d%90%80-%f0%9d%90%92%f0%9d%90%88%f0%9d%90%8b%f0%9d%90%8b%f0%9d%90%80-en-frais-au-hara\/#primaryimage"},"thumbnailUrl":"https:\/\/www.france-etalons.com\/wp-content\/uploads\/2025\/04\/487562995_1193455826114965_7543358926856496866_n.jpg","datePublished":"2025-04-07T09:23:49+00:00","dateModified":"2026-03-24T07:57:54+00:00","breadcrumb":{"@id":"https:\/\/www.france-etalons.com\/fr\/%f0%9d%90%91%f0%9d%90%94%f0%9d%90%81%f0%9d%90%84%f0%9d%90%8d%f0%9d%90%92-%f0%9d%90%8b%f0%9d%90%92-%f0%9d%90%8b%f0%9d%90%80-%f0%9d%90%92%f0%9d%90%88%f0%9d%90%8b%f0%9d%90%8b%f0%9d%90%80-en-frais-au-hara\/#breadcrumb"},"inLanguage":"fr-FR","potentialAction":[{"@type":"ReadAction","target":["https:\/\/www.france-etalons.com\/fr\/%f0%9d%90%91%f0%9d%90%94%f0%9d%90%81%f0%9d%90%84%f0%9d%90%8d%f0%9d%90%92-%f0%9d%90%8b%f0%9d%90%92-%f0%9d%90%8b%f0%9d%90%80-%f0%9d%90%92%f0%9d%90%88%f0%9d%90%8b%f0%9d%90%8b%f0%9d%90%80-en-frais-au-hara\/"]}]},{"@type":"ImageObject","inLanguage":"fr-FR","@id":"https:\/\/www.france-etalons.com\/fr\/%f0%9d%90%91%f0%9d%90%94%f0%9d%90%81%f0%9d%90%84%f0%9d%90%8d%f0%9d%90%92-%f0%9d%90%8b%f0%9d%90%92-%f0%9d%90%8b%f0%9d%90%80-%f0%9d%90%92%f0%9d%90%88%f0%9d%90%8b%f0%9d%90%8b%f0%9d%90%80-en-frais-au-hara\/#primaryimage","url":"https:\/\/www.france-etalons.com\/wp-content\/uploads\/2025\/04\/487562995_1193455826114965_7543358926856496866_n.jpg","contentUrl":"https:\/\/www.france-etalons.com\/wp-content\/uploads\/2025\/04\/487562995_1193455826114965_7543358926856496866_n.jpg","width":1152,"height":1440},{"@type":"BreadcrumbList","@id":"https:\/\/www.france-etalons.com\/fr\/%f0%9d%90%91%f0%9d%90%94%f0%9d%90%81%f0%9d%90%84%f0%9d%90%8d%f0%9d%90%92-%f0%9d%90%8b%f0%9d%90%92-%f0%9d%90%8b%f0%9d%90%80-%f0%9d%90%92%f0%9d%90%88%f0%9d%90%8b%f0%9d%90%8b%f0%9d%90%80-en-frais-au-hara\/#breadcrumb","itemListElement":[{"@type":"ListItem","position":1,"name":"Accueil","item":"https:\/\/www.france-etalons.com\/fr\/"},{"@type":"ListItem","position":2,"name":"\ud835\udc11\ud835\udc14\ud835\udc01\ud835\udc04\ud835\udc0d\ud835\udc12 \ud835\udc0b\ud835\udc12 \ud835\udc0b\ud835\udc00 \ud835\udc12\ud835\udc08\ud835\udc0b\ud835\udc0b\ud835\udc00 en frais au Haras de Talma"}]},{"@type":"WebSite","@id":"https:\/\/www.france-etalons.com\/fr\/#website","url":"https:\/\/www.france-etalons.com\/fr\/","name":"France \u00c9talons","description":"","publisher":{"@id":"https:\/\/www.france-etalons.com\/fr\/#organization"},"potentialAction":[{"@type":"SearchAction","target":{"@type":"EntryPoint","urlTemplate":"https:\/\/www.france-etalons.com\/fr\/?s={search_term_string}"},"query-input":{"@type":"PropertyValueSpecification","valueRequired":true,"valueName":"search_term_string"}}],"inLanguage":"fr-FR"},{"@type":"Organization","@id":"https:\/\/www.france-etalons.com\/fr\/#organization","name":"France \u00c9talons","url":"https:\/\/www.france-etalons.com\/fr\/","logo":{"@type":"ImageObject","inLanguage":"fr-FR","@id":"https:\/\/www.france-etalons.com\/fr\/#\/schema\/logo\/image\/","url":"https:\/\/www.france-etalons.com\/wp-content\/uploads\/2023\/12\/logo_france_etalon.svg","contentUrl":"https:\/\/www.france-etalons.com\/wp-content\/uploads\/2023\/12\/logo_france_etalon.svg","width":94,"height":64,"caption":"France \u00c9talons"},"image":{"@id":"https:\/\/www.france-etalons.com\/fr\/#\/schema\/logo\/image\/"}},{"@type":"Person","@id":"https:\/\/www.france-etalons.com\/fr\/#\/schema\/person\/5df4f324aba2d037526a1b167d3517bf","name":"Communication","image":{"@type":"ImageObject","inLanguage":"fr-FR","@id":"https:\/\/secure.gravatar.com\/avatar\/e437af93e394f6e22708a79dbb60db3be93324f61f0c422730f5310bb10d742a?s=96&d=mm&r=g","url":"https:\/\/secure.gravatar.com\/avatar\/e437af93e394f6e22708a79dbb60db3be93324f61f0c422730f5310bb10d742a?s=96&d=mm&r=g","contentUrl":"https:\/\/secure.gravatar.com\/avatar\/e437af93e394f6e22708a79dbb60db3be93324f61f0c422730f5310bb10d742a?s=96&d=mm&r=g","caption":"Communication"},"url":"https:\/\/www.france-etalons.com\/fr\/author\/communication\/"}]}},"_links":{"self":[{"href":"https:\/\/www.france-etalons.com\/fr\/wp-json\/wp\/v2\/posts\/5004","targetHints":{"allow":["GET"]}}],"collection":[{"href":"https:\/\/www.france-etalons.com\/fr\/wp-json\/wp\/v2\/posts"}],"about":[{"href":"https:\/\/www.france-etalons.com\/fr\/wp-json\/wp\/v2\/types\/post"}],"author":[{"embeddable":true,"href":"https:\/\/www.france-etalons.com\/fr\/wp-json\/wp\/v2\/users\/4"}],"replies":[{"embeddable":true,"href":"https:\/\/www.france-etalons.com\/fr\/wp-json\/wp\/v2\/comments?post=5004"}],"version-history":[{"count":1,"href":"https:\/\/www.france-etalons.com\/fr\/wp-json\/wp\/v2\/posts\/5004\/revisions"}],"predecessor-version":[{"id":5007,"href":"https:\/\/www.france-etalons.com\/fr\/wp-json\/wp\/v2\/posts\/5004\/revisions\/5007"}],"wp:featuredmedia":[{"embeddable":true,"href":"https:\/\/www.france-etalons.com\/fr\/wp-json\/wp\/v2\/media\/5005"}],"wp:attachment":[{"href":"https:\/\/www.france-etalons.com\/fr\/wp-json\/wp\/v2\/media?parent=5004"}],"wp:term":[{"taxonomy":"category","embeddable":true,"href":"https:\/\/www.france-etalons.com\/fr\/wp-json\/wp\/v2\/categories?post=5004"},{"taxonomy":"post_tag","embeddable":true,"href":"https:\/\/www.france-etalons.com\/fr\/wp-json\/wp\/v2\/tags?post=5004"}],"curies":[{"name":"wp","href":"https:\/\/api.w.org\/{rel}","templated":true}]}}