{"id":3925,"date":"2024-07-17T09:50:47","date_gmt":"2024-07-17T07:50:47","guid":{"rendered":"https:\/\/www.france-etalons.com\/?p=3925"},"modified":"2026-03-24T08:58:23","modified_gmt":"2026-03-24T07:58:23","slug":"jalou-b-dargance-remporte-les-cc-5-ans-en-cce-a-jardy","status":"publish","type":"post","link":"https:\/\/www.france-etalons.com\/fr\/jalou-b-dargance-remporte-les-cc-5-ans-en-cce-a-jardy\/","title":{"rendered":"JALOU B D&rsquo;ARGANCE remporte les CC 5 ans en CCE \u00e0 Jardy !"},"content":{"rendered":"\n<p>L\u2019\u00e9talon SFO \ud835\udc09\ud835\udc00\ud835\udc0b\ud835\udc0e\ud835\udc14 \ud835\udc01 \ud835\udc03\u2019\ud835\udc00\ud835\udc11\ud835\udc06\ud835\udc00\ud835\udc0d\ud835\udc02\ud835\udc04 remporte les cycles classiques de concours complet r\u00e9serv\u00e9s aux chevaux de 5 ans \u00e0 Jardy ! <\/p>\n\n\n\n<p>Irr\u00e9prochable sur l\u2019ensemble des ateliers, et avec la complicit\u00e9 de Thomas Carlile, il s\u2019est naturellement impos\u00e9 face \u00e0 ses 46 concurrents ! <\/p>\n\n\n\n<p><\/p>\n\n\n\n<iframe loading=\"lazy\" src=\"https:\/\/www.facebook.com\/plugins\/video.php?height=314&#038;href=https%3A%2F%2Fwww.facebook.com%2FFranceEtalons%2Fvideos%2F2183222078703299%2F&#038;show_text=false&#038;width=560&#038;t=0\" width=\"560\" height=\"314\" style=\"border:none;overflow:hidden\" scrolling=\"no\" frameborder=\"0\" allowfullscreen=\"true\" allow=\"autoplay; clipboard-write; encrypted-media; picture-in-picture; web-share\" allowFullScreen=\"true\"><\/iframe>\n\n\n\n<p><\/p>\n\n\n\n<p>\ud835\udc09\ud835\udc00\ud835\udc0b\ud835\udc0e\ud835\udc14 \ud835\udc01 \ud835\udc03\u2019\ud835\udc00\ud835\udc11\ud835\udc06\ud835\udc00\ud835\udc0d\ud835\udc02\ud835\udc04 (ORIENT EXPRESS x BARBARIAN) fait partie de notre Programme Jeune G\u00e9n\u00e9tique : pour toute saillie achet\u00e9e d\u2019un \u00e9talon confirm\u00e9, b\u00e9n\u00e9ficiez d\u2019une saillie gratuite de ce jeune \u00e9talon !<\/p>\n\n\n\n<p>Aussi, en tant que jeune \u00e9talon Selle Fran\u00e7ais Originel, il vous fait b\u00e9n\u00e9ficier des avantages du \u00ab Programme G\u00e9n\u00e9tique Avenir \u00bb du Studbook Selle-Fran\u00e7ais, avec notamment une bonification de la PRIME PACE !<\/p>\n","protected":false},"excerpt":{"rendered":"<p>L\u2019\u00e9talon SFO \ud835\udc09\ud835\udc00\ud835\udc0b\ud835\udc0e\ud835\udc14 \ud835\udc01 \ud835\udc03\u2019\ud835\udc00\ud835\udc11\ud835\udc06\ud835\udc00\ud835\udc0d\ud835\udc02\ud835\udc04 remporte les cycles classiques de concours complet r\u00e9serv\u00e9s aux chevaux de 5 ans \u00e0 Jardy ! Irr\u00e9prochable sur l\u2019ensemble des ateliers, et avec la complicit\u00e9 de Thomas Carlile, il s\u2019est naturellement impos\u00e9 face \u00e0 ses 46 concurrents ! \ud835\udc09\ud835\udc00\ud835\udc0b\ud835\udc0e\ud835\udc14 \ud835\udc01 \ud835\udc03\u2019\ud835\udc00\ud835\udc11\ud835\udc06\ud835\udc00\ud835\udc0d\ud835\udc02\ud835\udc04 (ORIENT EXPRESS x BARBARIAN) fait partie de notre Programme [&hellip;]<\/p>\n","protected":false},"author":4,"featured_media":3926,"comment_status":"closed","ping_status":"open","sticky":false,"template":"","format":"standard","meta":{"_acf_changed":false,"inline_featured_image":false,"footnotes":""},"categories":[12],"tags":[76],"class_list":["post-3925","post","type-post","status-publish","format-standard","has-post-thumbnail","hentry","category-performance","tag-76"],"acf":[],"yoast_head":"<!-- This site is optimized with the Yoast SEO plugin v27.3 - https:\/\/yoast.com\/product\/yoast-seo-wordpress\/ -->\n<title>JALOU B D&#039;ARGANCE remporte les CC 5 ans en CCE \u00e0 Jardy ! - France \u00c9talons<\/title>\n<meta name=\"robots\" content=\"index, follow, max-snippet:-1, max-image-preview:large, max-video-preview:-1\" \/>\n<link rel=\"canonical\" href=\"https:\/\/www.france-etalons.com\/fr\/jalou-b-dargance-remporte-les-cc-5-ans-en-cce-a-jardy\/\" \/>\n<meta property=\"og:locale\" content=\"fr_FR\" \/>\n<meta property=\"og:type\" content=\"article\" \/>\n<meta property=\"og:title\" content=\"JALOU B D&#039;ARGANCE remporte les CC 5 ans en CCE \u00e0 Jardy ! - France \u00c9talons\" \/>\n<meta property=\"og:description\" content=\"L\u2019\u00e9talon SFO \ud835\udc09\ud835\udc00\ud835\udc0b\ud835\udc0e\ud835\udc14 \ud835\udc01 \ud835\udc03\u2019\ud835\udc00\ud835\udc11\ud835\udc06\ud835\udc00\ud835\udc0d\ud835\udc02\ud835\udc04 remporte les cycles classiques de concours complet r\u00e9serv\u00e9s aux chevaux de 5 ans \u00e0 Jardy ! Irr\u00e9prochable sur l\u2019ensemble des ateliers, et avec la complicit\u00e9 de Thomas Carlile, il s\u2019est naturellement impos\u00e9 face \u00e0 ses 46 concurrents ! \ud835\udc09\ud835\udc00\ud835\udc0b\ud835\udc0e\ud835\udc14 \ud835\udc01 \ud835\udc03\u2019\ud835\udc00\ud835\udc11\ud835\udc06\ud835\udc00\ud835\udc0d\ud835\udc02\ud835\udc04 (ORIENT EXPRESS x BARBARIAN) fait partie de notre Programme [&hellip;]\" \/>\n<meta property=\"og:url\" content=\"https:\/\/www.france-etalons.com\/fr\/jalou-b-dargance-remporte-les-cc-5-ans-en-cce-a-jardy\/\" \/>\n<meta property=\"og:site_name\" content=\"France \u00c9talons\" \/>\n<meta property=\"article:published_time\" content=\"2024-07-17T07:50:47+00:00\" \/>\n<meta property=\"article:modified_time\" content=\"2026-03-24T07:58:23+00:00\" \/>\n<meta property=\"og:image\" content=\"https:\/\/www.france-etalons.com\/wp-content\/uploads\/2024\/08\/JALOU-B-CCE-5-ans-2024-c-Les-Garennes-1-scaled.jpg\" \/>\n\t<meta property=\"og:image:width\" content=\"2560\" \/>\n\t<meta property=\"og:image:height\" content=\"1707\" \/>\n\t<meta property=\"og:image:type\" content=\"image\/jpeg\" \/>\n<meta name=\"author\" content=\"Communication\" \/>\n<meta name=\"twitter:card\" content=\"summary_large_image\" \/>\n<script type=\"application\/ld+json\" class=\"yoast-schema-graph\">{\"@context\":\"https:\\\/\\\/schema.org\",\"@graph\":[{\"@type\":\"Article\",\"@id\":\"https:\\\/\\\/www.france-etalons.com\\\/fr\\\/jalou-b-dargance-remporte-les-cc-5-ans-en-cce-a-jardy\\\/#article\",\"isPartOf\":{\"@id\":\"https:\\\/\\\/www.france-etalons.com\\\/fr\\\/jalou-b-dargance-remporte-les-cc-5-ans-en-cce-a-jardy\\\/\"},\"author\":{\"name\":\"Communication\",\"@id\":\"https:\\\/\\\/www.france-etalons.com\\\/fr\\\/#\\\/schema\\\/person\\\/5df4f324aba2d037526a1b167d3517bf\"},\"headline\":\"JALOU B D&rsquo;ARGANCE remporte les CC 5 ans en CCE \u00e0 Jardy !\",\"datePublished\":\"2024-07-17T07:50:47+00:00\",\"dateModified\":\"2026-03-24T07:58:23+00:00\",\"mainEntityOfPage\":{\"@id\":\"https:\\\/\\\/www.france-etalons.com\\\/fr\\\/jalou-b-dargance-remporte-les-cc-5-ans-en-cce-a-jardy\\\/\"},\"wordCount\":120,\"publisher\":{\"@id\":\"https:\\\/\\\/www.france-etalons.com\\\/fr\\\/#organization\"},\"image\":{\"@id\":\"https:\\\/\\\/www.france-etalons.com\\\/fr\\\/jalou-b-dargance-remporte-les-cc-5-ans-en-cce-a-jardy\\\/#primaryimage\"},\"thumbnailUrl\":\"https:\\\/\\\/www.france-etalons.com\\\/wp-content\\\/uploads\\\/2024\\\/08\\\/JALOU-B-CCE-5-ans-2024-c-Les-Garennes-1-scaled.jpg\",\"keywords\":[\"JALOU B D'ARGANCE\"],\"articleSection\":[\"Performance\"],\"inLanguage\":\"fr-FR\"},{\"@type\":\"WebPage\",\"@id\":\"https:\\\/\\\/www.france-etalons.com\\\/fr\\\/jalou-b-dargance-remporte-les-cc-5-ans-en-cce-a-jardy\\\/\",\"url\":\"https:\\\/\\\/www.france-etalons.com\\\/fr\\\/jalou-b-dargance-remporte-les-cc-5-ans-en-cce-a-jardy\\\/\",\"name\":\"JALOU B D'ARGANCE remporte les CC 5 ans en CCE \u00e0 Jardy ! - France \u00c9talons\",\"isPartOf\":{\"@id\":\"https:\\\/\\\/www.france-etalons.com\\\/fr\\\/#website\"},\"primaryImageOfPage\":{\"@id\":\"https:\\\/\\\/www.france-etalons.com\\\/fr\\\/jalou-b-dargance-remporte-les-cc-5-ans-en-cce-a-jardy\\\/#primaryimage\"},\"image\":{\"@id\":\"https:\\\/\\\/www.france-etalons.com\\\/fr\\\/jalou-b-dargance-remporte-les-cc-5-ans-en-cce-a-jardy\\\/#primaryimage\"},\"thumbnailUrl\":\"https:\\\/\\\/www.france-etalons.com\\\/wp-content\\\/uploads\\\/2024\\\/08\\\/JALOU-B-CCE-5-ans-2024-c-Les-Garennes-1-scaled.jpg\",\"datePublished\":\"2024-07-17T07:50:47+00:00\",\"dateModified\":\"2026-03-24T07:58:23+00:00\",\"breadcrumb\":{\"@id\":\"https:\\\/\\\/www.france-etalons.com\\\/fr\\\/jalou-b-dargance-remporte-les-cc-5-ans-en-cce-a-jardy\\\/#breadcrumb\"},\"inLanguage\":\"fr-FR\",\"potentialAction\":[{\"@type\":\"ReadAction\",\"target\":[\"https:\\\/\\\/www.france-etalons.com\\\/fr\\\/jalou-b-dargance-remporte-les-cc-5-ans-en-cce-a-jardy\\\/\"]}]},{\"@type\":\"ImageObject\",\"inLanguage\":\"fr-FR\",\"@id\":\"https:\\\/\\\/www.france-etalons.com\\\/fr\\\/jalou-b-dargance-remporte-les-cc-5-ans-en-cce-a-jardy\\\/#primaryimage\",\"url\":\"https:\\\/\\\/www.france-etalons.com\\\/wp-content\\\/uploads\\\/2024\\\/08\\\/JALOU-B-CCE-5-ans-2024-c-Les-Garennes-1-scaled.jpg\",\"contentUrl\":\"https:\\\/\\\/www.france-etalons.com\\\/wp-content\\\/uploads\\\/2024\\\/08\\\/JALOU-B-CCE-5-ans-2024-c-Les-Garennes-1-scaled.jpg\",\"width\":2560,\"height\":1707},{\"@type\":\"BreadcrumbList\",\"@id\":\"https:\\\/\\\/www.france-etalons.com\\\/fr\\\/jalou-b-dargance-remporte-les-cc-5-ans-en-cce-a-jardy\\\/#breadcrumb\",\"itemListElement\":[{\"@type\":\"ListItem\",\"position\":1,\"name\":\"Accueil\",\"item\":\"https:\\\/\\\/www.france-etalons.com\\\/fr\\\/\"},{\"@type\":\"ListItem\",\"position\":2,\"name\":\"JALOU B D&rsquo;ARGANCE remporte les CC 5 ans en CCE \u00e0 Jardy !\"}]},{\"@type\":\"WebSite\",\"@id\":\"https:\\\/\\\/www.france-etalons.com\\\/fr\\\/#website\",\"url\":\"https:\\\/\\\/www.france-etalons.com\\\/fr\\\/\",\"name\":\"France \u00c9talons\",\"description\":\"\",\"publisher\":{\"@id\":\"https:\\\/\\\/www.france-etalons.com\\\/fr\\\/#organization\"},\"potentialAction\":[{\"@type\":\"SearchAction\",\"target\":{\"@type\":\"EntryPoint\",\"urlTemplate\":\"https:\\\/\\\/www.france-etalons.com\\\/fr\\\/?s={search_term_string}\"},\"query-input\":{\"@type\":\"PropertyValueSpecification\",\"valueRequired\":true,\"valueName\":\"search_term_string\"}}],\"inLanguage\":\"fr-FR\"},{\"@type\":\"Organization\",\"@id\":\"https:\\\/\\\/www.france-etalons.com\\\/fr\\\/#organization\",\"name\":\"France \u00c9talons\",\"url\":\"https:\\\/\\\/www.france-etalons.com\\\/fr\\\/\",\"logo\":{\"@type\":\"ImageObject\",\"inLanguage\":\"fr-FR\",\"@id\":\"https:\\\/\\\/www.france-etalons.com\\\/fr\\\/#\\\/schema\\\/logo\\\/image\\\/\",\"url\":\"https:\\\/\\\/www.france-etalons.com\\\/wp-content\\\/uploads\\\/2023\\\/12\\\/logo_france_etalon.svg\",\"contentUrl\":\"https:\\\/\\\/www.france-etalons.com\\\/wp-content\\\/uploads\\\/2023\\\/12\\\/logo_france_etalon.svg\",\"width\":94,\"height\":64,\"caption\":\"France \u00c9talons\"},\"image\":{\"@id\":\"https:\\\/\\\/www.france-etalons.com\\\/fr\\\/#\\\/schema\\\/logo\\\/image\\\/\"}},{\"@type\":\"Person\",\"@id\":\"https:\\\/\\\/www.france-etalons.com\\\/fr\\\/#\\\/schema\\\/person\\\/5df4f324aba2d037526a1b167d3517bf\",\"name\":\"Communication\",\"image\":{\"@type\":\"ImageObject\",\"inLanguage\":\"fr-FR\",\"@id\":\"https:\\\/\\\/secure.gravatar.com\\\/avatar\\\/e437af93e394f6e22708a79dbb60db3be93324f61f0c422730f5310bb10d742a?s=96&d=mm&r=g\",\"url\":\"https:\\\/\\\/secure.gravatar.com\\\/avatar\\\/e437af93e394f6e22708a79dbb60db3be93324f61f0c422730f5310bb10d742a?s=96&d=mm&r=g\",\"contentUrl\":\"https:\\\/\\\/secure.gravatar.com\\\/avatar\\\/e437af93e394f6e22708a79dbb60db3be93324f61f0c422730f5310bb10d742a?s=96&d=mm&r=g\",\"caption\":\"Communication\"},\"url\":\"https:\\\/\\\/www.france-etalons.com\\\/fr\\\/author\\\/communication\\\/\"}]}<\/script>\n<!-- \/ Yoast SEO plugin. -->","yoast_head_json":{"title":"JALOU B D'ARGANCE remporte les CC 5 ans en CCE \u00e0 Jardy ! - France \u00c9talons","robots":{"index":"index","follow":"follow","max-snippet":"max-snippet:-1","max-image-preview":"max-image-preview:large","max-video-preview":"max-video-preview:-1"},"canonical":"https:\/\/www.france-etalons.com\/fr\/jalou-b-dargance-remporte-les-cc-5-ans-en-cce-a-jardy\/","og_locale":"fr_FR","og_type":"article","og_title":"JALOU B D'ARGANCE remporte les CC 5 ans en CCE \u00e0 Jardy ! - France \u00c9talons","og_description":"L\u2019\u00e9talon SFO \ud835\udc09\ud835\udc00\ud835\udc0b\ud835\udc0e\ud835\udc14 \ud835\udc01 \ud835\udc03\u2019\ud835\udc00\ud835\udc11\ud835\udc06\ud835\udc00\ud835\udc0d\ud835\udc02\ud835\udc04 remporte les cycles classiques de concours complet r\u00e9serv\u00e9s aux chevaux de 5 ans \u00e0 Jardy ! Irr\u00e9prochable sur l\u2019ensemble des ateliers, et avec la complicit\u00e9 de Thomas Carlile, il s\u2019est naturellement impos\u00e9 face \u00e0 ses 46 concurrents ! \ud835\udc09\ud835\udc00\ud835\udc0b\ud835\udc0e\ud835\udc14 \ud835\udc01 \ud835\udc03\u2019\ud835\udc00\ud835\udc11\ud835\udc06\ud835\udc00\ud835\udc0d\ud835\udc02\ud835\udc04 (ORIENT EXPRESS x BARBARIAN) fait partie de notre Programme [&hellip;]","og_url":"https:\/\/www.france-etalons.com\/fr\/jalou-b-dargance-remporte-les-cc-5-ans-en-cce-a-jardy\/","og_site_name":"France \u00c9talons","article_published_time":"2024-07-17T07:50:47+00:00","article_modified_time":"2026-03-24T07:58:23+00:00","og_image":[{"width":2560,"height":1707,"url":"https:\/\/www.france-etalons.com\/wp-content\/uploads\/2024\/08\/JALOU-B-CCE-5-ans-2024-c-Les-Garennes-1-scaled.jpg","type":"image\/jpeg"}],"author":"Communication","twitter_card":"summary_large_image","schema":{"@context":"https:\/\/schema.org","@graph":[{"@type":"Article","@id":"https:\/\/www.france-etalons.com\/fr\/jalou-b-dargance-remporte-les-cc-5-ans-en-cce-a-jardy\/#article","isPartOf":{"@id":"https:\/\/www.france-etalons.com\/fr\/jalou-b-dargance-remporte-les-cc-5-ans-en-cce-a-jardy\/"},"author":{"name":"Communication","@id":"https:\/\/www.france-etalons.com\/fr\/#\/schema\/person\/5df4f324aba2d037526a1b167d3517bf"},"headline":"JALOU B D&rsquo;ARGANCE remporte les CC 5 ans en CCE \u00e0 Jardy !","datePublished":"2024-07-17T07:50:47+00:00","dateModified":"2026-03-24T07:58:23+00:00","mainEntityOfPage":{"@id":"https:\/\/www.france-etalons.com\/fr\/jalou-b-dargance-remporte-les-cc-5-ans-en-cce-a-jardy\/"},"wordCount":120,"publisher":{"@id":"https:\/\/www.france-etalons.com\/fr\/#organization"},"image":{"@id":"https:\/\/www.france-etalons.com\/fr\/jalou-b-dargance-remporte-les-cc-5-ans-en-cce-a-jardy\/#primaryimage"},"thumbnailUrl":"https:\/\/www.france-etalons.com\/wp-content\/uploads\/2024\/08\/JALOU-B-CCE-5-ans-2024-c-Les-Garennes-1-scaled.jpg","keywords":["JALOU B D'ARGANCE"],"articleSection":["Performance"],"inLanguage":"fr-FR"},{"@type":"WebPage","@id":"https:\/\/www.france-etalons.com\/fr\/jalou-b-dargance-remporte-les-cc-5-ans-en-cce-a-jardy\/","url":"https:\/\/www.france-etalons.com\/fr\/jalou-b-dargance-remporte-les-cc-5-ans-en-cce-a-jardy\/","name":"JALOU B D'ARGANCE remporte les CC 5 ans en CCE \u00e0 Jardy ! - France \u00c9talons","isPartOf":{"@id":"https:\/\/www.france-etalons.com\/fr\/#website"},"primaryImageOfPage":{"@id":"https:\/\/www.france-etalons.com\/fr\/jalou-b-dargance-remporte-les-cc-5-ans-en-cce-a-jardy\/#primaryimage"},"image":{"@id":"https:\/\/www.france-etalons.com\/fr\/jalou-b-dargance-remporte-les-cc-5-ans-en-cce-a-jardy\/#primaryimage"},"thumbnailUrl":"https:\/\/www.france-etalons.com\/wp-content\/uploads\/2024\/08\/JALOU-B-CCE-5-ans-2024-c-Les-Garennes-1-scaled.jpg","datePublished":"2024-07-17T07:50:47+00:00","dateModified":"2026-03-24T07:58:23+00:00","breadcrumb":{"@id":"https:\/\/www.france-etalons.com\/fr\/jalou-b-dargance-remporte-les-cc-5-ans-en-cce-a-jardy\/#breadcrumb"},"inLanguage":"fr-FR","potentialAction":[{"@type":"ReadAction","target":["https:\/\/www.france-etalons.com\/fr\/jalou-b-dargance-remporte-les-cc-5-ans-en-cce-a-jardy\/"]}]},{"@type":"ImageObject","inLanguage":"fr-FR","@id":"https:\/\/www.france-etalons.com\/fr\/jalou-b-dargance-remporte-les-cc-5-ans-en-cce-a-jardy\/#primaryimage","url":"https:\/\/www.france-etalons.com\/wp-content\/uploads\/2024\/08\/JALOU-B-CCE-5-ans-2024-c-Les-Garennes-1-scaled.jpg","contentUrl":"https:\/\/www.france-etalons.com\/wp-content\/uploads\/2024\/08\/JALOU-B-CCE-5-ans-2024-c-Les-Garennes-1-scaled.jpg","width":2560,"height":1707},{"@type":"BreadcrumbList","@id":"https:\/\/www.france-etalons.com\/fr\/jalou-b-dargance-remporte-les-cc-5-ans-en-cce-a-jardy\/#breadcrumb","itemListElement":[{"@type":"ListItem","position":1,"name":"Accueil","item":"https:\/\/www.france-etalons.com\/fr\/"},{"@type":"ListItem","position":2,"name":"JALOU B D&rsquo;ARGANCE remporte les CC 5 ans en CCE \u00e0 Jardy !"}]},{"@type":"WebSite","@id":"https:\/\/www.france-etalons.com\/fr\/#website","url":"https:\/\/www.france-etalons.com\/fr\/","name":"France \u00c9talons","description":"","publisher":{"@id":"https:\/\/www.france-etalons.com\/fr\/#organization"},"potentialAction":[{"@type":"SearchAction","target":{"@type":"EntryPoint","urlTemplate":"https:\/\/www.france-etalons.com\/fr\/?s={search_term_string}"},"query-input":{"@type":"PropertyValueSpecification","valueRequired":true,"valueName":"search_term_string"}}],"inLanguage":"fr-FR"},{"@type":"Organization","@id":"https:\/\/www.france-etalons.com\/fr\/#organization","name":"France \u00c9talons","url":"https:\/\/www.france-etalons.com\/fr\/","logo":{"@type":"ImageObject","inLanguage":"fr-FR","@id":"https:\/\/www.france-etalons.com\/fr\/#\/schema\/logo\/image\/","url":"https:\/\/www.france-etalons.com\/wp-content\/uploads\/2023\/12\/logo_france_etalon.svg","contentUrl":"https:\/\/www.france-etalons.com\/wp-content\/uploads\/2023\/12\/logo_france_etalon.svg","width":94,"height":64,"caption":"France \u00c9talons"},"image":{"@id":"https:\/\/www.france-etalons.com\/fr\/#\/schema\/logo\/image\/"}},{"@type":"Person","@id":"https:\/\/www.france-etalons.com\/fr\/#\/schema\/person\/5df4f324aba2d037526a1b167d3517bf","name":"Communication","image":{"@type":"ImageObject","inLanguage":"fr-FR","@id":"https:\/\/secure.gravatar.com\/avatar\/e437af93e394f6e22708a79dbb60db3be93324f61f0c422730f5310bb10d742a?s=96&d=mm&r=g","url":"https:\/\/secure.gravatar.com\/avatar\/e437af93e394f6e22708a79dbb60db3be93324f61f0c422730f5310bb10d742a?s=96&d=mm&r=g","contentUrl":"https:\/\/secure.gravatar.com\/avatar\/e437af93e394f6e22708a79dbb60db3be93324f61f0c422730f5310bb10d742a?s=96&d=mm&r=g","caption":"Communication"},"url":"https:\/\/www.france-etalons.com\/fr\/author\/communication\/"}]}},"_links":{"self":[{"href":"https:\/\/www.france-etalons.com\/fr\/wp-json\/wp\/v2\/posts\/3925","targetHints":{"allow":["GET"]}}],"collection":[{"href":"https:\/\/www.france-etalons.com\/fr\/wp-json\/wp\/v2\/posts"}],"about":[{"href":"https:\/\/www.france-etalons.com\/fr\/wp-json\/wp\/v2\/types\/post"}],"author":[{"embeddable":true,"href":"https:\/\/www.france-etalons.com\/fr\/wp-json\/wp\/v2\/users\/4"}],"replies":[{"embeddable":true,"href":"https:\/\/www.france-etalons.com\/fr\/wp-json\/wp\/v2\/comments?post=3925"}],"version-history":[{"count":1,"href":"https:\/\/www.france-etalons.com\/fr\/wp-json\/wp\/v2\/posts\/3925\/revisions"}],"predecessor-version":[{"id":3928,"href":"https:\/\/www.france-etalons.com\/fr\/wp-json\/wp\/v2\/posts\/3925\/revisions\/3928"}],"wp:featuredmedia":[{"embeddable":true,"href":"https:\/\/www.france-etalons.com\/fr\/wp-json\/wp\/v2\/media\/3926"}],"wp:attachment":[{"href":"https:\/\/www.france-etalons.com\/fr\/wp-json\/wp\/v2\/media?parent=3925"}],"wp:term":[{"taxonomy":"category","embeddable":true,"href":"https:\/\/www.france-etalons.com\/fr\/wp-json\/wp\/v2\/categories?post=3925"},{"taxonomy":"post_tag","embeddable":true,"href":"https:\/\/www.france-etalons.com\/fr\/wp-json\/wp\/v2\/tags?post=3925"}],"curies":[{"name":"wp","href":"https:\/\/api.w.org\/{rel}","templated":true}]}}