{"id":3052,"date":"2024-04-21T11:31:20","date_gmt":"2024-04-21T09:31:20","guid":{"rendered":"https:\/\/www.france-etalons.com\/?p=3052"},"modified":"2026-03-24T08:59:23","modified_gmt":"2026-03-24T07:59:23","slug":"nouveau-sacre-pour-la-mere-de-joli-coeur-du-cedre","status":"publish","type":"post","link":"https:\/\/www.france-etalons.com\/fr\/nouveau-sacre-pour-la-mere-de-joli-coeur-du-cedre\/","title":{"rendered":"Nouveau sacre pour la m\u00e8re de JOLI COEUR DU C\u00c8DRE !"},"content":{"rendered":"\n<p>DUBA\u00cf DU C\u00c8DRE, la m\u00e8re de notre jeune \u00e9talon SFO JOLI COEUR DU C\u00c8DRE, prend la 2\u00e8me place de la finale Longines FEI Coupe du Monde \u00e0 Riyad, sous la selle de Julien Epaillard ! <\/p>\n\n\n\n<p>JOLI COEUR DU C\u00c8DRE (DOLLAR DELA PIERRE x BALOUBET DU ROUET) sera disponible en semence fra\u00eeche au Haras de Saint-L\u00f4 durant une p\u00e9riode limit\u00e9e afin de lui permettre de poursuivre sa carri\u00e8re sportive. Il fait partie de notre Programme Jeune G\u00e9n\u00e9tique : pour toute saillie achet\u00e9e d\u2019un \u00e9talon confirm\u00e9, b\u00e9n\u00e9ficiez d\u2019une saillie gratuite de ce jeune \u00e9talon ! En tant que jeune SFO, il permet \u00e9galement de b\u00e9n\u00e9ficier d\u2019une bonification de la prime PACE.\u00a0<\/p>\n\n\n\n<p>Notons \u00e9galement l\u2019excellente performance de DEXTER DE KERGLENN (par MYLORD CARTHAGO) et Jeanne Sadran, qui prennent la 13\u00e8me place de cette difficile \u00e9ch\u00e9ance \u00e0 laquelle la jeune cavali\u00e8re participait pour la premi\u00e8re fois ! <\/p>\n\n\n\n<figure class=\"wp-block-image size-large\"><img loading=\"lazy\" decoding=\"async\" width=\"1024\" height=\"732\" src=\"https:\/\/www.france-etalons.com\/wp-content\/uploads\/2024\/04\/438086824_975433860615578_3021786005416719142_n-1024x732.jpg\" alt=\"\" class=\"wp-image-3055\" srcset=\"https:\/\/www.france-etalons.com\/wp-content\/uploads\/2024\/04\/438086824_975433860615578_3021786005416719142_n-1024x732.jpg 1024w, https:\/\/www.france-etalons.com\/wp-content\/uploads\/2024\/04\/438086824_975433860615578_3021786005416719142_n-300x214.jpg 300w, https:\/\/www.france-etalons.com\/wp-content\/uploads\/2024\/04\/438086824_975433860615578_3021786005416719142_n-768x549.jpg 768w, https:\/\/www.france-etalons.com\/wp-content\/uploads\/2024\/04\/438086824_975433860615578_3021786005416719142_n-1536x1097.jpg 1536w, https:\/\/www.france-etalons.com\/wp-content\/uploads\/2024\/04\/438086824_975433860615578_3021786005416719142_n.jpg 2048w\" sizes=\"auto, (max-width: 1024px) 100vw, 1024px\" \/><\/figure>\n\n\n\n<p>\u00a9 Pascal Renauldon \/ <a href=\"https:\/\/www.facebook.com\/RB.Presse?__cft__%5B0%5D=AZWwpq8ugXPjFyq91mYjrpA2R2Old5gODL5f9n_G1PqoMT_ZWhYoPOk2rmbCdGYfnL-THL6qS2FbNnzbeTNhbEzpk6o1hfpC1lLbd2l__qT01fjZMtRXFa4fX1Y0-SmeZYN_FICptKYypWLRsT1WbtCubiVRK2agw0AIMyrblRBieF9h9vNOVNIyMdaQ4vfsyGyq4UbmhCVdolkwpSdD1fNc&amp;__tn__=-%5DK-R\">Agence R B Presse<\/a><\/p>\n","protected":false},"excerpt":{"rendered":"<p>DUBA\u00cf DU C\u00c8DRE, la m\u00e8re de notre jeune \u00e9talon SFO JOLI COEUR DU C\u00c8DRE, prend la 2\u00e8me place de la finale Longines FEI Coupe du Monde \u00e0 Riyad, sous la selle de Julien Epaillard ! JOLI COEUR DU C\u00c8DRE (DOLLAR DELA PIERRE x BALOUBET DU ROUET) sera disponible en semence fra\u00eeche au Haras de Saint-L\u00f4 [&hellip;]<\/p>\n","protected":false},"author":4,"featured_media":3053,"comment_status":"closed","ping_status":"open","sticky":false,"template":"","format":"standard","meta":{"_acf_changed":false,"inline_featured_image":false,"footnotes":""},"categories":[12],"tags":[80,89],"class_list":["post-3052","post","type-post","status-publish","format-standard","has-post-thumbnail","hentry","category-performance","tag-80","tag-89"],"acf":[],"yoast_head":"<!-- This site is optimized with the Yoast SEO plugin v27.3 - https:\/\/yoast.com\/product\/yoast-seo-wordpress\/ -->\n<title>Nouveau sacre pour la m\u00e8re de JOLI COEUR DU C\u00c8DRE ! - France \u00c9talons<\/title>\n<meta name=\"robots\" content=\"index, follow, max-snippet:-1, max-image-preview:large, max-video-preview:-1\" \/>\n<link rel=\"canonical\" href=\"https:\/\/www.france-etalons.com\/fr\/nouveau-sacre-pour-la-mere-de-joli-coeur-du-cedre\/\" \/>\n<meta property=\"og:locale\" content=\"fr_FR\" \/>\n<meta property=\"og:type\" content=\"article\" \/>\n<meta property=\"og:title\" content=\"Nouveau sacre pour la m\u00e8re de JOLI COEUR DU C\u00c8DRE ! - France \u00c9talons\" \/>\n<meta property=\"og:description\" content=\"DUBA\u00cf DU C\u00c8DRE, la m\u00e8re de notre jeune \u00e9talon SFO JOLI COEUR DU C\u00c8DRE, prend la 2\u00e8me place de la finale Longines FEI Coupe du Monde \u00e0 Riyad, sous la selle de Julien Epaillard ! JOLI COEUR DU C\u00c8DRE (DOLLAR DELA PIERRE x BALOUBET DU ROUET) sera disponible en semence fra\u00eeche au Haras de Saint-L\u00f4 [&hellip;]\" \/>\n<meta property=\"og:url\" content=\"https:\/\/www.france-etalons.com\/fr\/nouveau-sacre-pour-la-mere-de-joli-coeur-du-cedre\/\" \/>\n<meta property=\"og:site_name\" content=\"France \u00c9talons\" \/>\n<meta property=\"article:published_time\" content=\"2024-04-21T09:31:20+00:00\" \/>\n<meta property=\"article:modified_time\" content=\"2026-03-24T07:59:23+00:00\" \/>\n<meta property=\"og:image\" content=\"https:\/\/www.france-etalons.com\/wp-content\/uploads\/2024\/04\/437700498_975433847282246_3677603876038547054_n.jpg\" \/>\n\t<meta property=\"og:image:width\" content=\"2048\" \/>\n\t<meta property=\"og:image:height\" content=\"1463\" \/>\n\t<meta property=\"og:image:type\" content=\"image\/jpeg\" \/>\n<meta name=\"author\" content=\"Communication\" \/>\n<meta name=\"twitter:card\" content=\"summary_large_image\" \/>\n<script type=\"application\/ld+json\" class=\"yoast-schema-graph\">{\"@context\":\"https:\\\/\\\/schema.org\",\"@graph\":[{\"@type\":\"Article\",\"@id\":\"https:\\\/\\\/www.france-etalons.com\\\/fr\\\/nouveau-sacre-pour-la-mere-de-joli-coeur-du-cedre\\\/#article\",\"isPartOf\":{\"@id\":\"https:\\\/\\\/www.france-etalons.com\\\/fr\\\/nouveau-sacre-pour-la-mere-de-joli-coeur-du-cedre\\\/\"},\"author\":{\"name\":\"Communication\",\"@id\":\"https:\\\/\\\/www.france-etalons.com\\\/fr\\\/#\\\/schema\\\/person\\\/5df4f324aba2d037526a1b167d3517bf\"},\"headline\":\"Nouveau sacre pour la m\u00e8re de JOLI COEUR DU C\u00c8DRE !\",\"datePublished\":\"2024-04-21T09:31:20+00:00\",\"dateModified\":\"2026-03-24T07:59:23+00:00\",\"mainEntityOfPage\":{\"@id\":\"https:\\\/\\\/www.france-etalons.com\\\/fr\\\/nouveau-sacre-pour-la-mere-de-joli-coeur-du-cedre\\\/\"},\"wordCount\":177,\"publisher\":{\"@id\":\"https:\\\/\\\/www.france-etalons.com\\\/fr\\\/#organization\"},\"image\":{\"@id\":\"https:\\\/\\\/www.france-etalons.com\\\/fr\\\/nouveau-sacre-pour-la-mere-de-joli-coeur-du-cedre\\\/#primaryimage\"},\"thumbnailUrl\":\"https:\\\/\\\/www.france-etalons.com\\\/wp-content\\\/uploads\\\/2024\\\/04\\\/437700498_975433847282246_3677603876038547054_n.jpg\",\"keywords\":[\"JOLI COEUR DU CEDRE\",\"MYLORD CARTHAGO\"],\"articleSection\":[\"Performance\"],\"inLanguage\":\"fr-FR\"},{\"@type\":\"WebPage\",\"@id\":\"https:\\\/\\\/www.france-etalons.com\\\/fr\\\/nouveau-sacre-pour-la-mere-de-joli-coeur-du-cedre\\\/\",\"url\":\"https:\\\/\\\/www.france-etalons.com\\\/fr\\\/nouveau-sacre-pour-la-mere-de-joli-coeur-du-cedre\\\/\",\"name\":\"Nouveau sacre pour la m\u00e8re de JOLI COEUR DU C\u00c8DRE ! - France \u00c9talons\",\"isPartOf\":{\"@id\":\"https:\\\/\\\/www.france-etalons.com\\\/fr\\\/#website\"},\"primaryImageOfPage\":{\"@id\":\"https:\\\/\\\/www.france-etalons.com\\\/fr\\\/nouveau-sacre-pour-la-mere-de-joli-coeur-du-cedre\\\/#primaryimage\"},\"image\":{\"@id\":\"https:\\\/\\\/www.france-etalons.com\\\/fr\\\/nouveau-sacre-pour-la-mere-de-joli-coeur-du-cedre\\\/#primaryimage\"},\"thumbnailUrl\":\"https:\\\/\\\/www.france-etalons.com\\\/wp-content\\\/uploads\\\/2024\\\/04\\\/437700498_975433847282246_3677603876038547054_n.jpg\",\"datePublished\":\"2024-04-21T09:31:20+00:00\",\"dateModified\":\"2026-03-24T07:59:23+00:00\",\"breadcrumb\":{\"@id\":\"https:\\\/\\\/www.france-etalons.com\\\/fr\\\/nouveau-sacre-pour-la-mere-de-joli-coeur-du-cedre\\\/#breadcrumb\"},\"inLanguage\":\"fr-FR\",\"potentialAction\":[{\"@type\":\"ReadAction\",\"target\":[\"https:\\\/\\\/www.france-etalons.com\\\/fr\\\/nouveau-sacre-pour-la-mere-de-joli-coeur-du-cedre\\\/\"]}]},{\"@type\":\"ImageObject\",\"inLanguage\":\"fr-FR\",\"@id\":\"https:\\\/\\\/www.france-etalons.com\\\/fr\\\/nouveau-sacre-pour-la-mere-de-joli-coeur-du-cedre\\\/#primaryimage\",\"url\":\"https:\\\/\\\/www.france-etalons.com\\\/wp-content\\\/uploads\\\/2024\\\/04\\\/437700498_975433847282246_3677603876038547054_n.jpg\",\"contentUrl\":\"https:\\\/\\\/www.france-etalons.com\\\/wp-content\\\/uploads\\\/2024\\\/04\\\/437700498_975433847282246_3677603876038547054_n.jpg\",\"width\":2048,\"height\":1463},{\"@type\":\"BreadcrumbList\",\"@id\":\"https:\\\/\\\/www.france-etalons.com\\\/fr\\\/nouveau-sacre-pour-la-mere-de-joli-coeur-du-cedre\\\/#breadcrumb\",\"itemListElement\":[{\"@type\":\"ListItem\",\"position\":1,\"name\":\"Accueil\",\"item\":\"https:\\\/\\\/www.france-etalons.com\\\/fr\\\/\"},{\"@type\":\"ListItem\",\"position\":2,\"name\":\"Nouveau sacre pour la m\u00e8re de JOLI COEUR DU C\u00c8DRE !\"}]},{\"@type\":\"WebSite\",\"@id\":\"https:\\\/\\\/www.france-etalons.com\\\/fr\\\/#website\",\"url\":\"https:\\\/\\\/www.france-etalons.com\\\/fr\\\/\",\"name\":\"France \u00c9talons\",\"description\":\"\",\"publisher\":{\"@id\":\"https:\\\/\\\/www.france-etalons.com\\\/fr\\\/#organization\"},\"potentialAction\":[{\"@type\":\"SearchAction\",\"target\":{\"@type\":\"EntryPoint\",\"urlTemplate\":\"https:\\\/\\\/www.france-etalons.com\\\/fr\\\/?s={search_term_string}\"},\"query-input\":{\"@type\":\"PropertyValueSpecification\",\"valueRequired\":true,\"valueName\":\"search_term_string\"}}],\"inLanguage\":\"fr-FR\"},{\"@type\":\"Organization\",\"@id\":\"https:\\\/\\\/www.france-etalons.com\\\/fr\\\/#organization\",\"name\":\"France \u00c9talons\",\"url\":\"https:\\\/\\\/www.france-etalons.com\\\/fr\\\/\",\"logo\":{\"@type\":\"ImageObject\",\"inLanguage\":\"fr-FR\",\"@id\":\"https:\\\/\\\/www.france-etalons.com\\\/fr\\\/#\\\/schema\\\/logo\\\/image\\\/\",\"url\":\"https:\\\/\\\/www.france-etalons.com\\\/wp-content\\\/uploads\\\/2023\\\/12\\\/logo_france_etalon.svg\",\"contentUrl\":\"https:\\\/\\\/www.france-etalons.com\\\/wp-content\\\/uploads\\\/2023\\\/12\\\/logo_france_etalon.svg\",\"width\":94,\"height\":64,\"caption\":\"France \u00c9talons\"},\"image\":{\"@id\":\"https:\\\/\\\/www.france-etalons.com\\\/fr\\\/#\\\/schema\\\/logo\\\/image\\\/\"}},{\"@type\":\"Person\",\"@id\":\"https:\\\/\\\/www.france-etalons.com\\\/fr\\\/#\\\/schema\\\/person\\\/5df4f324aba2d037526a1b167d3517bf\",\"name\":\"Communication\",\"image\":{\"@type\":\"ImageObject\",\"inLanguage\":\"fr-FR\",\"@id\":\"https:\\\/\\\/secure.gravatar.com\\\/avatar\\\/e437af93e394f6e22708a79dbb60db3be93324f61f0c422730f5310bb10d742a?s=96&d=mm&r=g\",\"url\":\"https:\\\/\\\/secure.gravatar.com\\\/avatar\\\/e437af93e394f6e22708a79dbb60db3be93324f61f0c422730f5310bb10d742a?s=96&d=mm&r=g\",\"contentUrl\":\"https:\\\/\\\/secure.gravatar.com\\\/avatar\\\/e437af93e394f6e22708a79dbb60db3be93324f61f0c422730f5310bb10d742a?s=96&d=mm&r=g\",\"caption\":\"Communication\"},\"url\":\"https:\\\/\\\/www.france-etalons.com\\\/fr\\\/author\\\/communication\\\/\"}]}<\/script>\n<!-- \/ Yoast SEO plugin. -->","yoast_head_json":{"title":"Nouveau sacre pour la m\u00e8re de JOLI COEUR DU C\u00c8DRE ! - France \u00c9talons","robots":{"index":"index","follow":"follow","max-snippet":"max-snippet:-1","max-image-preview":"max-image-preview:large","max-video-preview":"max-video-preview:-1"},"canonical":"https:\/\/www.france-etalons.com\/fr\/nouveau-sacre-pour-la-mere-de-joli-coeur-du-cedre\/","og_locale":"fr_FR","og_type":"article","og_title":"Nouveau sacre pour la m\u00e8re de JOLI COEUR DU C\u00c8DRE ! - France \u00c9talons","og_description":"DUBA\u00cf DU C\u00c8DRE, la m\u00e8re de notre jeune \u00e9talon SFO JOLI COEUR DU C\u00c8DRE, prend la 2\u00e8me place de la finale Longines FEI Coupe du Monde \u00e0 Riyad, sous la selle de Julien Epaillard ! JOLI COEUR DU C\u00c8DRE (DOLLAR DELA PIERRE x BALOUBET DU ROUET) sera disponible en semence fra\u00eeche au Haras de Saint-L\u00f4 [&hellip;]","og_url":"https:\/\/www.france-etalons.com\/fr\/nouveau-sacre-pour-la-mere-de-joli-coeur-du-cedre\/","og_site_name":"France \u00c9talons","article_published_time":"2024-04-21T09:31:20+00:00","article_modified_time":"2026-03-24T07:59:23+00:00","og_image":[{"width":2048,"height":1463,"url":"https:\/\/www.france-etalons.com\/wp-content\/uploads\/2024\/04\/437700498_975433847282246_3677603876038547054_n.jpg","type":"image\/jpeg"}],"author":"Communication","twitter_card":"summary_large_image","schema":{"@context":"https:\/\/schema.org","@graph":[{"@type":"Article","@id":"https:\/\/www.france-etalons.com\/fr\/nouveau-sacre-pour-la-mere-de-joli-coeur-du-cedre\/#article","isPartOf":{"@id":"https:\/\/www.france-etalons.com\/fr\/nouveau-sacre-pour-la-mere-de-joli-coeur-du-cedre\/"},"author":{"name":"Communication","@id":"https:\/\/www.france-etalons.com\/fr\/#\/schema\/person\/5df4f324aba2d037526a1b167d3517bf"},"headline":"Nouveau sacre pour la m\u00e8re de JOLI COEUR DU C\u00c8DRE !","datePublished":"2024-04-21T09:31:20+00:00","dateModified":"2026-03-24T07:59:23+00:00","mainEntityOfPage":{"@id":"https:\/\/www.france-etalons.com\/fr\/nouveau-sacre-pour-la-mere-de-joli-coeur-du-cedre\/"},"wordCount":177,"publisher":{"@id":"https:\/\/www.france-etalons.com\/fr\/#organization"},"image":{"@id":"https:\/\/www.france-etalons.com\/fr\/nouveau-sacre-pour-la-mere-de-joli-coeur-du-cedre\/#primaryimage"},"thumbnailUrl":"https:\/\/www.france-etalons.com\/wp-content\/uploads\/2024\/04\/437700498_975433847282246_3677603876038547054_n.jpg","keywords":["JOLI COEUR DU CEDRE","MYLORD CARTHAGO"],"articleSection":["Performance"],"inLanguage":"fr-FR"},{"@type":"WebPage","@id":"https:\/\/www.france-etalons.com\/fr\/nouveau-sacre-pour-la-mere-de-joli-coeur-du-cedre\/","url":"https:\/\/www.france-etalons.com\/fr\/nouveau-sacre-pour-la-mere-de-joli-coeur-du-cedre\/","name":"Nouveau sacre pour la m\u00e8re de JOLI COEUR DU C\u00c8DRE ! - France \u00c9talons","isPartOf":{"@id":"https:\/\/www.france-etalons.com\/fr\/#website"},"primaryImageOfPage":{"@id":"https:\/\/www.france-etalons.com\/fr\/nouveau-sacre-pour-la-mere-de-joli-coeur-du-cedre\/#primaryimage"},"image":{"@id":"https:\/\/www.france-etalons.com\/fr\/nouveau-sacre-pour-la-mere-de-joli-coeur-du-cedre\/#primaryimage"},"thumbnailUrl":"https:\/\/www.france-etalons.com\/wp-content\/uploads\/2024\/04\/437700498_975433847282246_3677603876038547054_n.jpg","datePublished":"2024-04-21T09:31:20+00:00","dateModified":"2026-03-24T07:59:23+00:00","breadcrumb":{"@id":"https:\/\/www.france-etalons.com\/fr\/nouveau-sacre-pour-la-mere-de-joli-coeur-du-cedre\/#breadcrumb"},"inLanguage":"fr-FR","potentialAction":[{"@type":"ReadAction","target":["https:\/\/www.france-etalons.com\/fr\/nouveau-sacre-pour-la-mere-de-joli-coeur-du-cedre\/"]}]},{"@type":"ImageObject","inLanguage":"fr-FR","@id":"https:\/\/www.france-etalons.com\/fr\/nouveau-sacre-pour-la-mere-de-joli-coeur-du-cedre\/#primaryimage","url":"https:\/\/www.france-etalons.com\/wp-content\/uploads\/2024\/04\/437700498_975433847282246_3677603876038547054_n.jpg","contentUrl":"https:\/\/www.france-etalons.com\/wp-content\/uploads\/2024\/04\/437700498_975433847282246_3677603876038547054_n.jpg","width":2048,"height":1463},{"@type":"BreadcrumbList","@id":"https:\/\/www.france-etalons.com\/fr\/nouveau-sacre-pour-la-mere-de-joli-coeur-du-cedre\/#breadcrumb","itemListElement":[{"@type":"ListItem","position":1,"name":"Accueil","item":"https:\/\/www.france-etalons.com\/fr\/"},{"@type":"ListItem","position":2,"name":"Nouveau sacre pour la m\u00e8re de JOLI COEUR DU C\u00c8DRE !"}]},{"@type":"WebSite","@id":"https:\/\/www.france-etalons.com\/fr\/#website","url":"https:\/\/www.france-etalons.com\/fr\/","name":"France \u00c9talons","description":"","publisher":{"@id":"https:\/\/www.france-etalons.com\/fr\/#organization"},"potentialAction":[{"@type":"SearchAction","target":{"@type":"EntryPoint","urlTemplate":"https:\/\/www.france-etalons.com\/fr\/?s={search_term_string}"},"query-input":{"@type":"PropertyValueSpecification","valueRequired":true,"valueName":"search_term_string"}}],"inLanguage":"fr-FR"},{"@type":"Organization","@id":"https:\/\/www.france-etalons.com\/fr\/#organization","name":"France \u00c9talons","url":"https:\/\/www.france-etalons.com\/fr\/","logo":{"@type":"ImageObject","inLanguage":"fr-FR","@id":"https:\/\/www.france-etalons.com\/fr\/#\/schema\/logo\/image\/","url":"https:\/\/www.france-etalons.com\/wp-content\/uploads\/2023\/12\/logo_france_etalon.svg","contentUrl":"https:\/\/www.france-etalons.com\/wp-content\/uploads\/2023\/12\/logo_france_etalon.svg","width":94,"height":64,"caption":"France \u00c9talons"},"image":{"@id":"https:\/\/www.france-etalons.com\/fr\/#\/schema\/logo\/image\/"}},{"@type":"Person","@id":"https:\/\/www.france-etalons.com\/fr\/#\/schema\/person\/5df4f324aba2d037526a1b167d3517bf","name":"Communication","image":{"@type":"ImageObject","inLanguage":"fr-FR","@id":"https:\/\/secure.gravatar.com\/avatar\/e437af93e394f6e22708a79dbb60db3be93324f61f0c422730f5310bb10d742a?s=96&d=mm&r=g","url":"https:\/\/secure.gravatar.com\/avatar\/e437af93e394f6e22708a79dbb60db3be93324f61f0c422730f5310bb10d742a?s=96&d=mm&r=g","contentUrl":"https:\/\/secure.gravatar.com\/avatar\/e437af93e394f6e22708a79dbb60db3be93324f61f0c422730f5310bb10d742a?s=96&d=mm&r=g","caption":"Communication"},"url":"https:\/\/www.france-etalons.com\/fr\/author\/communication\/"}]}},"_links":{"self":[{"href":"https:\/\/www.france-etalons.com\/fr\/wp-json\/wp\/v2\/posts\/3052","targetHints":{"allow":["GET"]}}],"collection":[{"href":"https:\/\/www.france-etalons.com\/fr\/wp-json\/wp\/v2\/posts"}],"about":[{"href":"https:\/\/www.france-etalons.com\/fr\/wp-json\/wp\/v2\/types\/post"}],"author":[{"embeddable":true,"href":"https:\/\/www.france-etalons.com\/fr\/wp-json\/wp\/v2\/users\/4"}],"replies":[{"embeddable":true,"href":"https:\/\/www.france-etalons.com\/fr\/wp-json\/wp\/v2\/comments?post=3052"}],"version-history":[{"count":1,"href":"https:\/\/www.france-etalons.com\/fr\/wp-json\/wp\/v2\/posts\/3052\/revisions"}],"predecessor-version":[{"id":3057,"href":"https:\/\/www.france-etalons.com\/fr\/wp-json\/wp\/v2\/posts\/3052\/revisions\/3057"}],"wp:featuredmedia":[{"embeddable":true,"href":"https:\/\/www.france-etalons.com\/fr\/wp-json\/wp\/v2\/media\/3053"}],"wp:attachment":[{"href":"https:\/\/www.france-etalons.com\/fr\/wp-json\/wp\/v2\/media?parent=3052"}],"wp:term":[{"taxonomy":"category","embeddable":true,"href":"https:\/\/www.france-etalons.com\/fr\/wp-json\/wp\/v2\/categories?post=3052"},{"taxonomy":"post_tag","embeddable":true,"href":"https:\/\/www.france-etalons.com\/fr\/wp-json\/wp\/v2\/tags?post=3052"}],"curies":[{"name":"wp","href":"https:\/\/api.w.org\/{rel}","templated":true}]}}